{"id":666,"date":"2019-01-19T17:50:12","date_gmt":"2019-01-19T16:50:12","guid":{"rendered":"http:\/\/svetaobitelj.hr\/?p=666"},"modified":"2020-01-29T21:58:21","modified_gmt":"2020-01-29T20:58:21","slug":"zupne-obavijesti-2-nedjelja-kroz-godinu","status":"publish","type":"post","link":"https:\/\/svetaobitelj.hr\/?p=666","title":{"rendered":"\u017dupne obavijesti: 2. nedjelja kroz godinu"},"content":{"rendered":"\n<p>2. NEDJELJA KROZ GODINU<\/p>\n\n\n\n<p><strong>20. sije\u010dnja 2019.<\/strong><\/p>\n\n\n\n<ul class=\"wp-block-list\"><li><strong>Danas slavimo drugu nedjelju kroz\ngodinu. Nakon svetih misa skupljamo nov\u010dane priloge za obnovu Ku\u0107e susreta Tabor\nu Samoboru. Susret Mjesnoga bratstva OFS-a je u 16:30 sati.<\/strong><\/li><\/ul>\n\n\n\n<ul class=\"wp-block-list\"><li><strong>Sutra je redoviti sastanak \u017eupnih\nvije\u0107a u 19:30 sati. Ne\u0107e biti biblijskog sata. U Vikarijatu je Biblijsko-molitvena\nve\u010der koju vodi vl\u010d. Kre\u0161imir Bulat s po\u010detkom u 19:30 sati.<\/strong><\/li><\/ul>\n\n\n\n<ul class=\"wp-block-list\"><li><strong>U srijedu je nakon ve\u010dernje svete\nmise susret \u010dlanova Vojske Bezgre\u0161ne.<\/strong><\/li><\/ul>\n\n\n\n<ul class=\"wp-block-list\"><li><strong>U \u010detvrtak je nakon ve\u010dernje\nsvete mise klanjanje pred Presvetim. U Vikarijatu je Socijalni \u010detvrtak s po\u010detkom\nu 19:30 sati kojeg vodi mr. sc. Igor Jakobfi.<\/strong><\/li><\/ul>\n\n\n\n<ul class=\"wp-block-list\"><li><strong>U petak zavr\u0161ava Molitvena osmina\nza jedinstvo kr\u0161\u0107ana. Raspored pojedinih ekumenskih molitvenih susreta u\nOsijeku imate na oglasnoj plo\u010di.<\/strong><\/li><\/ul>\n\n\n\n<ul class=\"wp-block-list\"><li><strong>U subotu je pod ve\u010dernjom svetom\nmisom slavlje obe\u0107anja na\u0161ih frama\u0161a.<\/strong><\/li><\/ul>\n\n\n\n<ul class=\"wp-block-list\"><li><strong>Sljede\u0107e nedjelje slavimo tre\u0107u\nnedjelju kroz godinu. <\/strong><\/li><\/ul>\n\n\n\n<ul class=\"wp-block-list\"><li><strong>Molimo sve\nvas koji jo\u0161 nemate \u017eupnu knji\u017eicu ili je potrebno upisati promjene u postoje\u0107e,\nda se javite u \u017eupni ured.<\/strong><strong> <\/strong><\/li><\/ul>\n\n\n\n<ul class=\"wp-block-list\"><li><strong>U sakristiji i \u017eupnom uredu mo\u017eete\nkupiti kalendare za ovu godinu.<\/strong><strong> &nbsp;<\/strong><strong>Kupujte i \u010ditajte vjerski tisak.<\/strong><\/li><\/ul>\n","protected":false},"excerpt":{"rendered":"<p>2. NEDJELJA KROZ GODINU 20. sije\u010dnja 2019. Danas slavimo drugu nedjelju kroz godinu. Nakon svetih misa skupljamo nov\u010dane priloge za obnovu Ku\u0107e susreta Tabor u Samoboru. Susret Mjesnoga bratstva OFS-a je u 16:30 sati. Sutra je redoviti sastanak \u017eupnih vije\u0107a u 19:30 sati. Ne\u0107e biti biblijskog sata. U Vikarijatu je Biblijsko-molitvena ve\u010der koju vodi vl\u010d. <a href=\"https:\/\/svetaobitelj.hr\/?p=666\" class=\"more-link\">[&hellip;]<\/a><\/p>\n","protected":false},"author":2,"featured_media":0,"comment_status":"closed","ping_status":"closed","sticky":false,"template":"","format":"standard","meta":{"footnotes":""},"categories":[3],"tags":[],"class_list":["entry","author-","post-666","post","type-post","status-publish","format-standard","category-zupa"],"_links":{"self":[{"href":"https:\/\/svetaobitelj.hr\/index.php?rest_route=\/wp\/v2\/posts\/666","targetHints":{"allow":["GET"]}}],"collection":[{"href":"https:\/\/svetaobitelj.hr\/index.php?rest_route=\/wp\/v2\/posts"}],"about":[{"href":"https:\/\/svetaobitelj.hr\/index.php?rest_route=\/wp\/v2\/types\/post"}],"author":[{"embeddable":true,"href":"https:\/\/svetaobitelj.hr\/index.php?rest_route=\/wp\/v2\/users\/2"}],"replies":[{"embeddable":true,"href":"https:\/\/svetaobitelj.hr\/index.php?rest_route=%2Fwp%2Fv2%2Fcomments&post=666"}],"version-history":[{"count":2,"href":"https:\/\/svetaobitelj.hr\/index.php?rest_route=\/wp\/v2\/posts\/666\/revisions"}],"predecessor-version":[{"id":706,"href":"https:\/\/svetaobitelj.hr\/index.php?rest_route=\/wp\/v2\/posts\/666\/revisions\/706"}],"wp:attachment":[{"href":"https:\/\/svetaobitelj.hr\/index.php?rest_route=%2Fwp%2Fv2%2Fmedia&parent=666"}],"wp:term":[{"taxonomy":"category","embeddable":true,"href":"https:\/\/svetaobitelj.hr\/index.php?rest_route=%2Fwp%2Fv2%2Fcategories&post=666"},{"taxonomy":"post_tag","embeddable":true,"href":"https:\/\/svetaobitelj.hr\/index.php?rest_route=%2Fwp%2Fv2%2Ftags&post=666"}],"curies":[{"name":"wp","href":"https:\/\/api.w.org\/{rel}","templated":true}]}}