{"id":654,"date":"2019-01-05T17:28:08","date_gmt":"2019-01-05T16:28:08","guid":{"rendered":"http:\/\/svetaobitelj.hr\/?p=654"},"modified":"2020-01-29T21:58:22","modified_gmt":"2020-01-29T20:58:22","slug":"zupne-obavijesti-bogojavljanje","status":"publish","type":"post","link":"https:\/\/svetaobitelj.hr\/?p=654","title":{"rendered":"\u017dupne obavijesti: Bogojavljanje"},"content":{"rendered":"<p>BOGOJAVLJENJE<\/p>\n<p>6. sije\u010dnja 2019.<\/p>\n<p>1.\tDanas slavimo svetkovinu Bogojavljenja ili Sveta tri kralja. Svetkovina Bogojavljenja posve\u0107ena je Papinskom misijskom Djelu svetog Djetinjstva kojeg slavi cijela Crkva. To Djelo poma\u017ee oko izgradnje \u0161kola, siroti\u0161ta i bolnica diljem svijeta, sudjeluje u razli\u010ditim dje\u010djim duhovnim projektima po \u017eupama i poma\u017ee dje\u010dje pokrete i udruge u misijskim krajevima. Prikupljamo nov\u010dane priloge na tu nakanu nakon svetih misa. Danas je i prva nedjelja u mjesecu kada molimo za duhovna zvanja, a nov\u010dane priloge za sjemeni\u0161te prikupljat \u0107emo sljede\u0107e nedjelje nakon svetih misa. Redoviti susret Mjesnoga bratstva OFS-a je u 16:30 sati.<\/p>\n<p>2.\tSutra je biblijski sat nakon ve\u010dernje svete mise, a u Vikarijatu je biblijski ponedjeljak u 19:30 sati koju vodi dr. sc. s. Silvana Fu\u017einato.<\/p>\n<p>3.\tU srijedu je pobo\u017enost na \u010dast bl. Mariji od Propetoga Petkovi\u0107 u 18:15 sati.<\/p>\n<p>4.\tU \u010detvrtak je s po\u010detkom u 19:30 sati u Vikarijatu socijalni \u010detvrtak kojeg vodi mr. sc. Igor Jakobfi. <\/p>\n<p>5.\tSljede\u0107e nedjelje slavimo Kr\u0161tenje Gospodinovo kada zavr\u0161ava bo\u017ei\u0107no vrijeme u liturgijskoj godini, a zapo\u010dinje vrijeme kroz godinu. <\/p>\n<p>6.\tMolimo sve vas koji jo\u0161 nemate \u017eupnu knji\u017eicu ili je potrebno upisati promjene u postoje\u0107e, da se javite u \u017eupni ured.<\/p>\n<p>7.\tU sakristiji i \u017eupnom uredu mo\u017eete kupiti kalendare. <\/p>\n<p>8.\tKupujte i \u010ditajte vjerski tisak.<\/p>\n","protected":false},"excerpt":{"rendered":"<p>BOGOJAVLJENJE 6. sije\u010dnja 2019. 1. Danas slavimo svetkovinu Bogojavljenja ili Sveta tri kralja. Svetkovina Bogojavljenja posve\u0107ena je Papinskom misijskom Djelu svetog Djetinjstva kojeg slavi cijela Crkva. To Djelo poma\u017ee oko izgradnje \u0161kola, siroti\u0161ta i bolnica diljem svijeta, sudjeluje u razli\u010ditim dje\u010djim duhovnim projektima po \u017eupama i poma\u017ee dje\u010dje pokrete i udruge u misijskim krajevima. Prikupljamo <a href=\"https:\/\/svetaobitelj.hr\/?p=654\" class=\"more-link\">[&hellip;]<\/a><\/p>\n","protected":false},"author":2,"featured_media":0,"comment_status":"closed","ping_status":"closed","sticky":false,"template":"","format":"standard","meta":{"footnotes":""},"categories":[3],"tags":[],"class_list":["entry","author-","post-654","post","type-post","status-publish","format-standard","category-zupa"],"_links":{"self":[{"href":"https:\/\/svetaobitelj.hr\/index.php?rest_route=\/wp\/v2\/posts\/654","targetHints":{"allow":["GET"]}}],"collection":[{"href":"https:\/\/svetaobitelj.hr\/index.php?rest_route=\/wp\/v2\/posts"}],"about":[{"href":"https:\/\/svetaobitelj.hr\/index.php?rest_route=\/wp\/v2\/types\/post"}],"author":[{"embeddable":true,"href":"https:\/\/svetaobitelj.hr\/index.php?rest_route=\/wp\/v2\/users\/2"}],"replies":[{"embeddable":true,"href":"https:\/\/svetaobitelj.hr\/index.php?rest_route=%2Fwp%2Fv2%2Fcomments&post=654"}],"version-history":[{"count":1,"href":"https:\/\/svetaobitelj.hr\/index.php?rest_route=\/wp\/v2\/posts\/654\/revisions"}],"predecessor-version":[{"id":655,"href":"https:\/\/svetaobitelj.hr\/index.php?rest_route=\/wp\/v2\/posts\/654\/revisions\/655"}],"wp:attachment":[{"href":"https:\/\/svetaobitelj.hr\/index.php?rest_route=%2Fwp%2Fv2%2Fmedia&parent=654"}],"wp:term":[{"taxonomy":"category","embeddable":true,"href":"https:\/\/svetaobitelj.hr\/index.php?rest_route=%2Fwp%2Fv2%2Fcategories&post=654"},{"taxonomy":"post_tag","embeddable":true,"href":"https:\/\/svetaobitelj.hr\/index.php?rest_route=%2Fwp%2Fv2%2Ftags&post=654"}],"curies":[{"name":"wp","href":"https:\/\/api.w.org\/{rel}","templated":true}]}}