{"id":644,"date":"2018-12-31T18:53:24","date_gmt":"2018-12-31T17:53:24","guid":{"rendered":"http:\/\/svetaobitelj.hr\/?p=644"},"modified":"2020-01-29T21:58:22","modified_gmt":"2020-01-29T20:58:22","slug":"zahvala-na-protekloj-godini","status":"publish","type":"post","link":"https:\/\/svetaobitelj.hr\/?p=644","title":{"rendered":"Zahvala na protekloj godini"},"content":{"rendered":"<p>Nedjeljnom svetom misom u 11,00 sati obilje\u017eili smo crkveni god, svetkovinu Svete Obitelji. Svetu misu je predslavio fra Dragan Grizelj, \u017eupni vikar iz Iloka. U svojoj propovijedi, dotaknuo se obiteljskih vrijednosti, \u017eivota, a posebno je pozvao na molitvu za bra\u010dne parove koji ne mogu imati djecu, govore\u0107i o primjerima iz svoje \u017eupe.<\/p>\n<p>Na protekloj gra\u0111anskoj godini zahvalili smo svetom misom u ponedjeljak nave\u010der. Na istoj misi je pro\u010ditana i statistika \u017eupe za proteklu godinu, te smo svi pozvani da aktivnim sudjelovanjem doprinosimo razvoju i ja\u010danju na\u0161e \u017eupne zajednice.<\/p>\n<p>&nbsp;<\/p>\n<p><img loading=\"lazy\" decoding=\"async\" class=\"size-medium wp-image-647 aligncenter\" src=\"http:\/\/svetaobitelj.hr\/wp-content\/uploads\/2018\/12\/slika1-7-300x300.jpg\" alt=\"\" width=\"300\" height=\"300\" srcset=\"https:\/\/svetaobitelj.hr\/wp-content\/uploads\/2018\/12\/slika1-7-300x300.jpg 300w, https:\/\/svetaobitelj.hr\/wp-content\/uploads\/2018\/12\/slika1-7-150x150.jpg 150w, https:\/\/svetaobitelj.hr\/wp-content\/uploads\/2018\/12\/slika1-7-768x768.jpg 768w, https:\/\/svetaobitelj.hr\/wp-content\/uploads\/2018\/12\/slika1-7-1024x1024.jpg 1024w, https:\/\/svetaobitelj.hr\/wp-content\/uploads\/2018\/12\/slika1-7.jpg 1920w\" sizes=\"auto, (max-width: 300px) 100vw, 300px\" \/><\/p>\n<p>&nbsp;<\/p>\n<p>&nbsp;<\/p>\n<p>&nbsp;<\/p>\n<p>MOLITVA ZAGOVORA SVETE OBITELJI ZA NA\u0160U OBITELJ (sv. Ivan Pavao II)<\/p>\n<p>Bo\u017ee, od kojega dolazi svako o\u010dinstvo na nebu i na zemlji, O\u010de koji si Ljubav i \u017divot, neka svaka obitelj na zemlji posredstvom Tvoga Sina Isusa Krista, &#8220;ro\u0111ena od \u017eene&#8221; i posredstvom Duha Svetoga, izvora Bo\u017eje ljubavi, postane istinsko sveti\u0161te \u017eivota i ljubavi za nove nara\u0161taje koji se uvijek obnavljaju.<\/p>\n<p>Neka Tvoja milost vodi misli i djela supruga prema dobru njihovih obitelji i svih obitelji svijeta. Neka mladi nara\u0161taji na\u0111u u obiteljima oslonac za razvoj svoje osobnosti i rast u ljubavi i istini. Neka se ljubav oja\u010dana milo\u0161\u0107u sakramenta braka poka\u017ee ja\u010dom od svake slabosti i krize kroz koje ponekad prolaze na\u0161e obitelji.<\/p>\n<p>Bo\u017ee, molimo Te, po zagovoru Svete Obitelji iz Nazareta, da Crkva u svim narodima na zemlji mo\u017ee plodno vr\u0161iti svoje poslanje u obiteljima i po obiteljima. Ti si \u017divot, Istina i Ljubav u zajedni\u0161tvu sa Sinom i Duhom Svetim. Amen.<\/p>\n<p>&nbsp;<\/p>\n<p>&nbsp;<\/p>\n<p><img loading=\"lazy\" decoding=\"async\" class=\"size-medium wp-image-646 aligncenter\" src=\"http:\/\/svetaobitelj.hr\/wp-content\/uploads\/2018\/12\/slika2-4-300x300.jpg\" alt=\"\" width=\"300\" height=\"300\" srcset=\"https:\/\/svetaobitelj.hr\/wp-content\/uploads\/2018\/12\/slika2-4-300x300.jpg 300w, https:\/\/svetaobitelj.hr\/wp-content\/uploads\/2018\/12\/slika2-4-150x150.jpg 150w, https:\/\/svetaobitelj.hr\/wp-content\/uploads\/2018\/12\/slika2-4-768x768.jpg 768w, https:\/\/svetaobitelj.hr\/wp-content\/uploads\/2018\/12\/slika2-4-1024x1024.jpg 1024w, https:\/\/svetaobitelj.hr\/wp-content\/uploads\/2018\/12\/slika2-4.jpg 1920w\" sizes=\"auto, (max-width: 300px) 100vw, 300px\" \/><\/p>\n","protected":false},"excerpt":{"rendered":"<p>Nedjeljnom svetom misom u 11,00 sati obilje\u017eili smo crkveni god, svetkovinu Svete Obitelji. Svetu misu je predslavio fra Dragan Grizelj, \u017eupni vikar iz Iloka. U svojoj propovijedi, dotaknuo se obiteljskih vrijednosti, \u017eivota, a posebno je pozvao na molitvu za bra\u010dne parove koji ne mogu imati djecu, govore\u0107i o primjerima iz svoje \u017eupe. Na protekloj gra\u0111anskoj <a href=\"https:\/\/svetaobitelj.hr\/?p=644\" class=\"more-link\">[&hellip;]<\/a><\/p>\n","protected":false},"author":2,"featured_media":0,"comment_status":"closed","ping_status":"closed","sticky":false,"template":"","format":"standard","meta":{"footnotes":""},"categories":[3],"tags":[],"class_list":["entry","author-","post-644","post","type-post","status-publish","format-standard","category-zupa"],"_links":{"self":[{"href":"https:\/\/svetaobitelj.hr\/index.php?rest_route=\/wp\/v2\/posts\/644","targetHints":{"allow":["GET"]}}],"collection":[{"href":"https:\/\/svetaobitelj.hr\/index.php?rest_route=\/wp\/v2\/posts"}],"about":[{"href":"https:\/\/svetaobitelj.hr\/index.php?rest_route=\/wp\/v2\/types\/post"}],"author":[{"embeddable":true,"href":"https:\/\/svetaobitelj.hr\/index.php?rest_route=\/wp\/v2\/users\/2"}],"replies":[{"embeddable":true,"href":"https:\/\/svetaobitelj.hr\/index.php?rest_route=%2Fwp%2Fv2%2Fcomments&post=644"}],"version-history":[{"count":1,"href":"https:\/\/svetaobitelj.hr\/index.php?rest_route=\/wp\/v2\/posts\/644\/revisions"}],"predecessor-version":[{"id":648,"href":"https:\/\/svetaobitelj.hr\/index.php?rest_route=\/wp\/v2\/posts\/644\/revisions\/648"}],"wp:attachment":[{"href":"https:\/\/svetaobitelj.hr\/index.php?rest_route=%2Fwp%2Fv2%2Fmedia&parent=644"}],"wp:term":[{"taxonomy":"category","embeddable":true,"href":"https:\/\/svetaobitelj.hr\/index.php?rest_route=%2Fwp%2Fv2%2Fcategories&post=644"},{"taxonomy":"post_tag","embeddable":true,"href":"https:\/\/svetaobitelj.hr\/index.php?rest_route=%2Fwp%2Fv2%2Ftags&post=644"}],"curies":[{"name":"wp","href":"https:\/\/api.w.org\/{rel}","templated":true}]}}