{"id":635,"date":"2018-12-27T15:28:43","date_gmt":"2018-12-27T14:28:43","guid":{"rendered":"http:\/\/svetaobitelj.hr\/?p=635"},"modified":"2020-01-29T21:58:22","modified_gmt":"2020-01-29T20:58:22","slug":"dolazak-bozica","status":"publish","type":"post","link":"https:\/\/svetaobitelj.hr\/?p=635","title":{"rendered":"Dolazak Bo\u017ei\u0107a&#8230;"},"content":{"rendered":"<p>Radost i\u0161\u010dekivanja Bo\u017ei\u0107a zapo\u010deli smo prije tzv. dje\u010dje polno\u0107ke uno\u0161enjem Betlehemskog svjetla, \u0161to su nam ga donijeli izvi\u0111a\u010di, te dje\u010djom priredbom. Fra Josip predvodio je misu u 20:00 sati, pod kojom je une\u0161en i maleni Isus i stavljen u jaslice.<\/p>\n<p>&#8220;Isus se rodio, ali se i nastavlja ra\u0111ati i \u017eeli susresti svakoga \u010dovjeka&#8221; (\u017delimir Pulji\u0107, nadbiskup zadarski)<\/p>\n<p>&nbsp;<\/p>\n<p><img loading=\"lazy\" decoding=\"async\" class=\"size-medium wp-image-636 aligncenter\" src=\"http:\/\/svetaobitelj.hr\/wp-content\/uploads\/2018\/12\/slika1-5-300x300.jpg\" alt=\"\" width=\"300\" height=\"300\" srcset=\"https:\/\/svetaobitelj.hr\/wp-content\/uploads\/2018\/12\/slika1-5-300x300.jpg 300w, https:\/\/svetaobitelj.hr\/wp-content\/uploads\/2018\/12\/slika1-5-150x150.jpg 150w, https:\/\/svetaobitelj.hr\/wp-content\/uploads\/2018\/12\/slika1-5-768x768.jpg 768w, https:\/\/svetaobitelj.hr\/wp-content\/uploads\/2018\/12\/slika1-5-1024x1024.jpg 1024w, https:\/\/svetaobitelj.hr\/wp-content\/uploads\/2018\/12\/slika1-5.jpg 1920w\" sizes=\"auto, (max-width: 300px) 100vw, 300px\" \/> <img loading=\"lazy\" decoding=\"async\" class=\"size-medium wp-image-637 aligncenter\" src=\"http:\/\/svetaobitelj.hr\/wp-content\/uploads\/2018\/12\/slika2-3-300x300.jpg\" alt=\"\" width=\"300\" height=\"300\" srcset=\"https:\/\/svetaobitelj.hr\/wp-content\/uploads\/2018\/12\/slika2-3-300x300.jpg 300w, https:\/\/svetaobitelj.hr\/wp-content\/uploads\/2018\/12\/slika2-3-150x150.jpg 150w, https:\/\/svetaobitelj.hr\/wp-content\/uploads\/2018\/12\/slika2-3-768x768.jpg 768w, https:\/\/svetaobitelj.hr\/wp-content\/uploads\/2018\/12\/slika2-3-1024x1024.jpg 1024w, https:\/\/svetaobitelj.hr\/wp-content\/uploads\/2018\/12\/slika2-3.jpg 1920w\" sizes=\"auto, (max-width: 300px) 100vw, 300px\" \/><\/p>\n","protected":false},"excerpt":{"rendered":"<p>Radost i\u0161\u010dekivanja Bo\u017ei\u0107a zapo\u010deli smo prije tzv. dje\u010dje polno\u0107ke uno\u0161enjem Betlehemskog svjetla, \u0161to su nam ga donijeli izvi\u0111a\u010di, te dje\u010djom priredbom. Fra Josip predvodio je misu u 20:00 sati, pod kojom je une\u0161en i maleni Isus i stavljen u jaslice. &#8220;Isus se rodio, ali se i nastavlja ra\u0111ati i \u017eeli susresti svakoga \u010dovjeka&#8221; (\u017delimir Pulji\u0107, <a href=\"https:\/\/svetaobitelj.hr\/?p=635\" class=\"more-link\">[&hellip;]<\/a><\/p>\n","protected":false},"author":2,"featured_media":0,"comment_status":"closed","ping_status":"closed","sticky":false,"template":"","format":"standard","meta":{"footnotes":""},"categories":[3],"tags":[],"class_list":["entry","author-","post-635","post","type-post","status-publish","format-standard","category-zupa"],"_links":{"self":[{"href":"https:\/\/svetaobitelj.hr\/index.php?rest_route=\/wp\/v2\/posts\/635","targetHints":{"allow":["GET"]}}],"collection":[{"href":"https:\/\/svetaobitelj.hr\/index.php?rest_route=\/wp\/v2\/posts"}],"about":[{"href":"https:\/\/svetaobitelj.hr\/index.php?rest_route=\/wp\/v2\/types\/post"}],"author":[{"embeddable":true,"href":"https:\/\/svetaobitelj.hr\/index.php?rest_route=\/wp\/v2\/users\/2"}],"replies":[{"embeddable":true,"href":"https:\/\/svetaobitelj.hr\/index.php?rest_route=%2Fwp%2Fv2%2Fcomments&post=635"}],"version-history":[{"count":1,"href":"https:\/\/svetaobitelj.hr\/index.php?rest_route=\/wp\/v2\/posts\/635\/revisions"}],"predecessor-version":[{"id":638,"href":"https:\/\/svetaobitelj.hr\/index.php?rest_route=\/wp\/v2\/posts\/635\/revisions\/638"}],"wp:attachment":[{"href":"https:\/\/svetaobitelj.hr\/index.php?rest_route=%2Fwp%2Fv2%2Fmedia&parent=635"}],"wp:term":[{"taxonomy":"category","embeddable":true,"href":"https:\/\/svetaobitelj.hr\/index.php?rest_route=%2Fwp%2Fv2%2Fcategories&post=635"},{"taxonomy":"post_tag","embeddable":true,"href":"https:\/\/svetaobitelj.hr\/index.php?rest_route=%2Fwp%2Fv2%2Ftags&post=635"}],"curies":[{"name":"wp","href":"https:\/\/api.w.org\/{rel}","templated":true}]}}