{"id":630,"date":"2018-12-23T20:26:43","date_gmt":"2018-12-23T19:26:43","guid":{"rendered":"http:\/\/svetaobitelj.hr\/?p=630"},"modified":"2020-01-29T21:58:22","modified_gmt":"2020-01-29T20:58:22","slug":"lijepo-je-sjetiti-se","status":"publish","type":"post","link":"https:\/\/svetaobitelj.hr\/?p=630","title":{"rendered":"Lijepo je sjetiti se&#8230;"},"content":{"rendered":"<p>U ove predbo\u017ei\u0107ne dane rado se sje\u0107amo svih fratara koji su djelovali u na\u0161oj \u017eupi, a posebice dragog nam biv\u0161eg \u017eupnika fra Slavka Mili\u0107a, koji je ostavio dubok trag me\u0111u na\u0161im \u017eupljanima te ga se i danas rado sje\u0107aju. Ovim putem ih sve pozdravljamo, \u017eelimo im sretan i blagoslovljen Bo\u017ei\u0107, a posebna \u010destitka ide na\u0161em fra Slavku.<\/p>\n<p>&nbsp;<\/p>\n<p><img loading=\"lazy\" decoding=\"async\" class=\"size-medium wp-image-632\" src=\"http:\/\/svetaobitelj.hr\/wp-content\/uploads\/2018\/12\/slika1-4-300x194.jpg\" alt=\"\" width=\"300\" height=\"194\" srcset=\"https:\/\/svetaobitelj.hr\/wp-content\/uploads\/2018\/12\/slika1-4-300x194.jpg 300w, https:\/\/svetaobitelj.hr\/wp-content\/uploads\/2018\/12\/slika1-4.jpg 648w\" sizes=\"auto, (max-width: 300px) 100vw, 300px\" \/><\/p>\n","protected":false},"excerpt":{"rendered":"<p>U ove predbo\u017ei\u0107ne dane rado se sje\u0107amo svih fratara koji su djelovali u na\u0161oj \u017eupi, a posebice dragog nam biv\u0161eg \u017eupnika fra Slavka Mili\u0107a, koji je ostavio dubok trag me\u0111u na\u0161im \u017eupljanima te ga se i danas rado sje\u0107aju. Ovim putem ih sve pozdravljamo, \u017eelimo im sretan i blagoslovljen Bo\u017ei\u0107, a posebna \u010destitka ide na\u0161em <a href=\"https:\/\/svetaobitelj.hr\/?p=630\" class=\"more-link\">[&hellip;]<\/a><\/p>\n","protected":false},"author":2,"featured_media":0,"comment_status":"closed","ping_status":"closed","sticky":false,"template":"","format":"standard","meta":{"footnotes":""},"categories":[3],"tags":[],"class_list":["entry","author-","post-630","post","type-post","status-publish","format-standard","category-zupa"],"_links":{"self":[{"href":"https:\/\/svetaobitelj.hr\/index.php?rest_route=\/wp\/v2\/posts\/630","targetHints":{"allow":["GET"]}}],"collection":[{"href":"https:\/\/svetaobitelj.hr\/index.php?rest_route=\/wp\/v2\/posts"}],"about":[{"href":"https:\/\/svetaobitelj.hr\/index.php?rest_route=\/wp\/v2\/types\/post"}],"author":[{"embeddable":true,"href":"https:\/\/svetaobitelj.hr\/index.php?rest_route=\/wp\/v2\/users\/2"}],"replies":[{"embeddable":true,"href":"https:\/\/svetaobitelj.hr\/index.php?rest_route=%2Fwp%2Fv2%2Fcomments&post=630"}],"version-history":[{"count":1,"href":"https:\/\/svetaobitelj.hr\/index.php?rest_route=\/wp\/v2\/posts\/630\/revisions"}],"predecessor-version":[{"id":633,"href":"https:\/\/svetaobitelj.hr\/index.php?rest_route=\/wp\/v2\/posts\/630\/revisions\/633"}],"wp:attachment":[{"href":"https:\/\/svetaobitelj.hr\/index.php?rest_route=%2Fwp%2Fv2%2Fmedia&parent=630"}],"wp:term":[{"taxonomy":"category","embeddable":true,"href":"https:\/\/svetaobitelj.hr\/index.php?rest_route=%2Fwp%2Fv2%2Fcategories&post=630"},{"taxonomy":"post_tag","embeddable":true,"href":"https:\/\/svetaobitelj.hr\/index.php?rest_route=%2Fwp%2Fv2%2Ftags&post=630"}],"curies":[{"name":"wp","href":"https:\/\/api.w.org\/{rel}","templated":true}]}}