{"id":623,"date":"2018-12-23T20:05:49","date_gmt":"2018-12-23T19:05:49","guid":{"rendered":"http:\/\/svetaobitelj.hr\/?p=623"},"modified":"2020-01-29T21:58:22","modified_gmt":"2020-01-29T20:58:22","slug":"djelovanje-zupnog-caritasa","status":"publish","type":"post","link":"https:\/\/svetaobitelj.hr\/?p=623","title":{"rendered":"Djelovanje \u017eupnog Caritasa"},"content":{"rendered":"<p>Zahvaljuju\u0107i donacijama \u017eupljana\u00a0 \u017eupni Caritas je i ovog Bo\u017ei\u0107a podijelio pakete potrebitima na\u0161e \u017eupe kako bi im barem malo uljep\u0161ali blagdane.\u00a0 Osim toga, dio smo darivali i u Pu\u010dku kuhinju te nov\u010danim prilozima pomogli centre za dijete i besku\u0107nike. Na prijedlog volontera Caritasa u subotu 22. 12. 2018. osmi\u0161ljen je susret za usamljene i bolesne vjernike koji su \u017eeljni dru\u017eenja i zajedni\u0161tva, posebice u ove dane pred Bo\u017ei\u0107. Bit Bo\u017ei\u0107a i jest u tome da djelima i ljubavlju poka\u017eemo da smo Kristovi i da smo srca otvorili i pripremili za Njegov dolazak. Stoga Vas slijede\u0107i puta o\u010dekujemo u jo\u0161 ve\u0107em broju, pozovite svoje bli\u017enje i potrebite na mjese\u010dni\u00a0 susret koji \u0107e biti 19. 01.2019. subota u 14 sati.<\/p>\n<p>&nbsp;<\/p>\n<p><img loading=\"lazy\" decoding=\"async\" class=\"size-medium wp-image-624 aligncenter\" src=\"http:\/\/svetaobitelj.hr\/wp-content\/uploads\/2018\/12\/slika1-2-300x300.jpg\" alt=\"\" width=\"300\" height=\"300\" srcset=\"https:\/\/svetaobitelj.hr\/wp-content\/uploads\/2018\/12\/slika1-2-300x300.jpg 300w, https:\/\/svetaobitelj.hr\/wp-content\/uploads\/2018\/12\/slika1-2-150x150.jpg 150w, https:\/\/svetaobitelj.hr\/wp-content\/uploads\/2018\/12\/slika1-2-768x768.jpg 768w, https:\/\/svetaobitelj.hr\/wp-content\/uploads\/2018\/12\/slika1-2-1024x1024.jpg 1024w, https:\/\/svetaobitelj.hr\/wp-content\/uploads\/2018\/12\/slika1-2.jpg 1920w\" sizes=\"auto, (max-width: 300px) 100vw, 300px\" \/><\/p>\n","protected":false},"excerpt":{"rendered":"<p>Zahvaljuju\u0107i donacijama \u017eupljana\u00a0 \u017eupni Caritas je i ovog Bo\u017ei\u0107a podijelio pakete potrebitima na\u0161e \u017eupe kako bi im barem malo uljep\u0161ali blagdane.\u00a0 Osim toga, dio smo darivali i u Pu\u010dku kuhinju te nov\u010danim prilozima pomogli centre za dijete i besku\u0107nike. Na prijedlog volontera Caritasa u subotu 22. 12. 2018. osmi\u0161ljen je susret za usamljene i bolesne <a href=\"https:\/\/svetaobitelj.hr\/?p=623\" class=\"more-link\">[&hellip;]<\/a><\/p>\n","protected":false},"author":2,"featured_media":0,"comment_status":"closed","ping_status":"closed","sticky":false,"template":"","format":"standard","meta":{"footnotes":""},"categories":[3],"tags":[],"class_list":["entry","author-","post-623","post","type-post","status-publish","format-standard","category-zupa"],"_links":{"self":[{"href":"https:\/\/svetaobitelj.hr\/index.php?rest_route=\/wp\/v2\/posts\/623","targetHints":{"allow":["GET"]}}],"collection":[{"href":"https:\/\/svetaobitelj.hr\/index.php?rest_route=\/wp\/v2\/posts"}],"about":[{"href":"https:\/\/svetaobitelj.hr\/index.php?rest_route=\/wp\/v2\/types\/post"}],"author":[{"embeddable":true,"href":"https:\/\/svetaobitelj.hr\/index.php?rest_route=\/wp\/v2\/users\/2"}],"replies":[{"embeddable":true,"href":"https:\/\/svetaobitelj.hr\/index.php?rest_route=%2Fwp%2Fv2%2Fcomments&post=623"}],"version-history":[{"count":1,"href":"https:\/\/svetaobitelj.hr\/index.php?rest_route=\/wp\/v2\/posts\/623\/revisions"}],"predecessor-version":[{"id":625,"href":"https:\/\/svetaobitelj.hr\/index.php?rest_route=\/wp\/v2\/posts\/623\/revisions\/625"}],"wp:attachment":[{"href":"https:\/\/svetaobitelj.hr\/index.php?rest_route=%2Fwp%2Fv2%2Fmedia&parent=623"}],"wp:term":[{"taxonomy":"category","embeddable":true,"href":"https:\/\/svetaobitelj.hr\/index.php?rest_route=%2Fwp%2Fv2%2Fcategories&post=623"},{"taxonomy":"post_tag","embeddable":true,"href":"https:\/\/svetaobitelj.hr\/index.php?rest_route=%2Fwp%2Fv2%2Ftags&post=623"}],"curies":[{"name":"wp","href":"https:\/\/api.w.org\/{rel}","templated":true}]}}