{"id":613,"date":"2018-12-22T09:51:16","date_gmt":"2018-12-22T08:51:16","guid":{"rendered":"http:\/\/svetaobitelj.hr\/?p=613"},"modified":"2020-01-29T21:58:31","modified_gmt":"2020-01-29T20:58:31","slug":"zupne-obavijesti-4-nedjelja-dosasca","status":"publish","type":"post","link":"https:\/\/svetaobitelj.hr\/?p=613","title":{"rendered":"\u017dupne obavijesti: 4. nedjelja do\u0161a\u0161\u0107a"},"content":{"rendered":"<p>4. NEDJELJA DO\u0160A\u0160\u0106A<\/p>\n<p>23. prosinca 2018.<\/p>\n<p>1. Danas slavimo 4. nedjelju do\u0161a\u0161\u0107a.<\/p>\n<p>2. Sutra je Badnjak. Misa zornica je u 6 sati. \u017dupni ured \u0107e biti otvoren od 8:30 do 10:00 sati.\u00a0 Izvi\u0111a\u010di donijeti Betlehemsko svjetlo na misi u 20.00 sati. Ve\u010dernja sveta misa u 20:00 sati je tzv. dje\u010dja polno\u0107ka. Pola sata prije djeca \u0107e imati kratku bo\u017ei\u0107nu predstavu. Redovita polno\u0107ka je u 24:00 sata.<\/p>\n<p>3. U utorak je Bo\u017ei\u0107 kada slavimo ro\u0111enje na\u0161ega Spasitelja, Isusa Krista. Svete mise su u 7:00, 9:00, 11:00 i 18:30 sati.<\/p>\n<p>4. U srijedu slavimo sv. Stjepana Prvomu\u010denika. Svete mise su po nedjeljnom rasporedu, a u 14:00 sati zapo\u010dinjemo s blagoslovom obitelji. Na oglasnoj plo\u010di imate raspored blagoslova obitelji. U vrijeme blagoslova od \u010detvrtka do subote \u017eupni ured je otvoren od 16:00 do 18:00 sati.<\/p>\n<p>5. Sljede\u0107e nedjelje slavimo Svetu Obitelj. Crkveni je god u na\u0161oj \u017dupi. Svetu misu u 11 sati predvodit \u0107e fra Dragan Grizelj, \u017eupni vikar iz Iloka.<\/p>\n<p>6. Zahvaljujemo svima vama koji ste sudjelovali u pomo\u0107i potrebitima u na\u0161oj \u017dupi kao i u akcijama Caritasa. Podsje\u0107amo one koji su kumovi djece u Beninu da uplate svoj dar.<\/p>\n<p>7. Molimo sve vas koji ste doselili u na\u0161u \u017eupu, koji ste promijenili adresu stanovanja, kao i sve vas koji do sada niste primali blagoslov obitelji, a \u017eelite ga primiti, da se javite u \u017eupni ured. Tako\u0111er molimo i sve vas koji jo\u0161 nemate \u017eupnu knji\u017eicu ili je potrebno upisati promjene u postoje\u0107e, da se javite u \u017eupni ured.<\/p>\n<p>8. U sakristiji i \u017eupnom uredu mo\u017eete kupiti kalendare za sljede\u0107u godinu. Kupujte i \u010ditajte vjerski tisak.<\/p>\n","protected":false},"excerpt":{"rendered":"<p>4. NEDJELJA DO\u0160A\u0160\u0106A 23. prosinca 2018. 1. Danas slavimo 4. nedjelju do\u0161a\u0161\u0107a. 2. Sutra je Badnjak. Misa zornica je u 6 sati. \u017dupni ured \u0107e biti otvoren od 8:30 do 10:00 sati.\u00a0 Izvi\u0111a\u010di donijeti Betlehemsko svjetlo na misi u 20.00 sati. Ve\u010dernja sveta misa u 20:00 sati je tzv. dje\u010dja polno\u0107ka. Pola sata prije djeca <a href=\"https:\/\/svetaobitelj.hr\/?p=613\" class=\"more-link\">[&hellip;]<\/a><\/p>\n","protected":false},"author":2,"featured_media":0,"comment_status":"closed","ping_status":"closed","sticky":false,"template":"","format":"standard","meta":{"footnotes":""},"categories":[3],"tags":[],"class_list":["entry","author-","post-613","post","type-post","status-publish","format-standard","category-zupa"],"_links":{"self":[{"href":"https:\/\/svetaobitelj.hr\/index.php?rest_route=\/wp\/v2\/posts\/613","targetHints":{"allow":["GET"]}}],"collection":[{"href":"https:\/\/svetaobitelj.hr\/index.php?rest_route=\/wp\/v2\/posts"}],"about":[{"href":"https:\/\/svetaobitelj.hr\/index.php?rest_route=\/wp\/v2\/types\/post"}],"author":[{"embeddable":true,"href":"https:\/\/svetaobitelj.hr\/index.php?rest_route=\/wp\/v2\/users\/2"}],"replies":[{"embeddable":true,"href":"https:\/\/svetaobitelj.hr\/index.php?rest_route=%2Fwp%2Fv2%2Fcomments&post=613"}],"version-history":[{"count":3,"href":"https:\/\/svetaobitelj.hr\/index.php?rest_route=\/wp\/v2\/posts\/613\/revisions"}],"predecessor-version":[{"id":621,"href":"https:\/\/svetaobitelj.hr\/index.php?rest_route=\/wp\/v2\/posts\/613\/revisions\/621"}],"wp:attachment":[{"href":"https:\/\/svetaobitelj.hr\/index.php?rest_route=%2Fwp%2Fv2%2Fmedia&parent=613"}],"wp:term":[{"taxonomy":"category","embeddable":true,"href":"https:\/\/svetaobitelj.hr\/index.php?rest_route=%2Fwp%2Fv2%2Fcategories&post=613"},{"taxonomy":"post_tag","embeddable":true,"href":"https:\/\/svetaobitelj.hr\/index.php?rest_route=%2Fwp%2Fv2%2Ftags&post=613"}],"curies":[{"name":"wp","href":"https:\/\/api.w.org\/{rel}","templated":true}]}}