{"id":604,"date":"2018-12-15T16:42:23","date_gmt":"2018-12-15T15:42:23","guid":{"rendered":"http:\/\/svetaobitelj.hr\/?p=604"},"modified":"2020-01-29T21:58:31","modified_gmt":"2020-01-29T20:58:31","slug":"zupne-obavijesti-3-nedjelja-dosasca","status":"publish","type":"post","link":"https:\/\/svetaobitelj.hr\/?p=604","title":{"rendered":"\u017dupne obavijesti: 3.nedjelja do\u0161a\u0161\u0107a"},"content":{"rendered":"<p>TRE\u0106A NEDJELJA DO\u0160A\u0160\u0106A<\/p>\n<p>16. prosinca 2018.<\/p>\n<p>1.\tDanas slavimo 3. nedjelju do\u0161a\u0161\u0107a. Nedjelja je Caritasa kada skupljamo nov\u010dana sredstva za potrebe Nacionalnog, Nadbiskupijskog i \u017dupnog Caritasa. Podsje\u0107amo one koji su kumovi djece u Beninu da uplate svoj dar. Caritas na\u0161e Nadbiskupije poziva nas da u vrijeme adventa sudjelujemo u projektu &#8220;Veliko srce za male ljude&#8221; \u010dime poma\u017eemo rad Pu\u010dke kuhinje kao i Centar za besku\u0107nike u Osijeku. Ujedno smo pozvani pomo\u0107i i Centru za dijete u Osijeku nov\u010danim prilozima i dje\u010djim potrep\u0161tinama. Zahvaljujemo svima koji ste darovali za potrebite u na\u0161oj \u017dupi.<\/p>\n<p>2.\tMise zornice su od ponedjeljka do subote u 6:00 sati, a tih dana nema svete mise u 7:30.<\/p>\n<p>3.\tSutra je u Vikarijatu biblijsko-molitvena ve\u010der u 19:30 sati koju vodi vl\u010d. Kre\u0161imir Bulat.<\/p>\n<p>4.\tU utorak je u konkatedrali ispovijed studenata i mladih u 19:30 sati.<\/p>\n<p>5.\tU srijedu je u Vikarijatu molitveno-katehetski susret za starije od 35 godina u 19:30 sati kojeg vodi p. Sebastijan \u0160ujevi\u0107.  <\/p>\n<p>6.\tOve subote, s po\u010detkom u 14:00 sati, \u010dlanovi Odbora za karitativnu djelatnost pri \u017dPV-u pozivaju na susret usamljenih i starijih osoba iz na\u0161e \u017eupe u vjeronau\u010dnoj dvorani te bi \u017eeljeli da molitvom i dru\u017eenjem provedemo ugodne trenutke u zajedni\u0161tvu. Nakon ve\u010dernje svete mise palimo \u010detvrtu svije\u0107u na adventskom vijencu ispred na\u0161e crkve uz prigodan kratki duhovni program.<\/p>\n<p>7.\tSljede\u0107e nedjelje slavimo 4. nedjelju do\u0161a\u0161\u0107a, a djelatnici knji\u017eare U pravi trenutak iz \u0110akova prodavat \u0107e knjige nakon svetih misa.<\/p>\n<p>8.\tMolimo sve one koji su se doselili u na\u0161u \u017eupu, promijenili adresu stanovanja, kao i sve one koji do sada nisu primali blagoslov obitelji, a \u017eele ga primiti, neka se jave u \u017eupni ured. Raspored blagoslova obitelji imate na oglasnoj plo\u010di. Tako\u0111er molimo i sve vas koji jo\u0161 nemate \u017eupnu knji\u017eicu ili je potrebno upisati promjene u postoje\u0107e, da se javite u \u017eupni ured. <\/p>\n<p>9.\tU sakristiji i \u017eupnom uredu mo\u017eete kupiti kalendare za sljede\u0107u gra\u0111ansku godinu. Kupujte i \u010ditajte vjerski tisak.<\/p>\n<p>RASPORED BLAGOSLOVA \u2013 BO\u017dI\u0106 2018.<\/p>\n<p>26. prosinca (srijeda od 14:00): <\/p>\n<p>Biogradska, Trogirska, Bapska, Ba\u0161\u010danska, Makarska, Crikveni\u010dka, \u0160ibenska, Senjska, Plitvi\u010dka, Velebitska<\/p>\n<p>27. prosinca (\u010detvrtak od 9:00): <\/p>\n<p>Medulinska, Uma\u0161ka, Ka\u0161telanska, Stonska, Lo\u0161injska<\/p>\n<p>28. prosinca (petak od 9:00): <\/p>\n<p>Lokrumska, Rapska, Bra\u010dka, Pa\u0161ka, Mljetska, Hvarska, Vi\u0161ka, Creska, Lastovska, Kornatska, Bokokotorska, Kvarnerska, Dugooto\u010dka, Ugljanska, Pelje\u0161ka, Pa\u0161manska<\/p>\n<p>29. prosinca (subota od 9:00): <\/p>\n<p>Divaltova, Srijemska, Lopudska, Kr\u010dka, Brijunska, Kor\u010dulanska, Zlarinska, Bi\u0161evska, Bakarska, J. Kihra, Murterska<\/p>\n<p>30. prosinca (nedjelja od 14:00): <\/p>\n<p>Orebi\u0107ka, Grada\u010dka, Zaostro\u0161ka, Starigradska, Trpanjska, Velalu\u0161ka, Pore\u010dka, Pulska  <\/p>\n<p>31. prosinca (ponedjeljak od 9:00): <\/p>\n<p>Opatijska, Motovunska, Lovranska, Buzetska, Piranska, Rovinjska, Tovarni\u010dka, Humska, Labinska, J. Predgra\u0111e<\/p>\n","protected":false},"excerpt":{"rendered":"<p>TRE\u0106A NEDJELJA DO\u0160A\u0160\u0106A 16. prosinca 2018. 1. Danas slavimo 3. nedjelju do\u0161a\u0161\u0107a. Nedjelja je Caritasa kada skupljamo nov\u010dana sredstva za potrebe Nacionalnog, Nadbiskupijskog i \u017dupnog Caritasa. Podsje\u0107amo one koji su kumovi djece u Beninu da uplate svoj dar. Caritas na\u0161e Nadbiskupije poziva nas da u vrijeme adventa sudjelujemo u projektu &#8220;Veliko srce za male ljude&#8221; <a href=\"https:\/\/svetaobitelj.hr\/?p=604\" class=\"more-link\">[&hellip;]<\/a><\/p>\n","protected":false},"author":2,"featured_media":0,"comment_status":"closed","ping_status":"closed","sticky":false,"template":"","format":"standard","meta":{"footnotes":""},"categories":[3],"tags":[],"class_list":["entry","author-","post-604","post","type-post","status-publish","format-standard","category-zupa"],"_links":{"self":[{"href":"https:\/\/svetaobitelj.hr\/index.php?rest_route=\/wp\/v2\/posts\/604","targetHints":{"allow":["GET"]}}],"collection":[{"href":"https:\/\/svetaobitelj.hr\/index.php?rest_route=\/wp\/v2\/posts"}],"about":[{"href":"https:\/\/svetaobitelj.hr\/index.php?rest_route=\/wp\/v2\/types\/post"}],"author":[{"embeddable":true,"href":"https:\/\/svetaobitelj.hr\/index.php?rest_route=\/wp\/v2\/users\/2"}],"replies":[{"embeddable":true,"href":"https:\/\/svetaobitelj.hr\/index.php?rest_route=%2Fwp%2Fv2%2Fcomments&post=604"}],"version-history":[{"count":1,"href":"https:\/\/svetaobitelj.hr\/index.php?rest_route=\/wp\/v2\/posts\/604\/revisions"}],"predecessor-version":[{"id":605,"href":"https:\/\/svetaobitelj.hr\/index.php?rest_route=\/wp\/v2\/posts\/604\/revisions\/605"}],"wp:attachment":[{"href":"https:\/\/svetaobitelj.hr\/index.php?rest_route=%2Fwp%2Fv2%2Fmedia&parent=604"}],"wp:term":[{"taxonomy":"category","embeddable":true,"href":"https:\/\/svetaobitelj.hr\/index.php?rest_route=%2Fwp%2Fv2%2Fcategories&post=604"},{"taxonomy":"post_tag","embeddable":true,"href":"https:\/\/svetaobitelj.hr\/index.php?rest_route=%2Fwp%2Fv2%2Ftags&post=604"}],"curies":[{"name":"wp","href":"https:\/\/api.w.org\/{rel}","templated":true}]}}