{"id":595,"date":"2018-12-08T08:32:41","date_gmt":"2018-12-08T07:32:41","guid":{"rendered":"http:\/\/svetaobitelj.hr\/?p=595"},"modified":"2020-01-29T21:58:31","modified_gmt":"2020-01-29T20:58:31","slug":"zupne-obavijesti-2-nedjelja-dosasca","status":"publish","type":"post","link":"https:\/\/svetaobitelj.hr\/?p=595","title":{"rendered":"\u017dupne obavijesti: 2. nedjelja  do\u0161a\u0161\u0107a"},"content":{"rendered":"<p>DRUGA NEDJELJA DO\u0160A\u0160\u0106A<\/p>\n<p>9. prosinca 2018.<\/p>\n<p>1.\tDanas slavimo 2. nedjelju do\u0161a\u0161\u0107a. Nakon svetih misa skupljamo nov\u010dane priloge za obnovu Ku\u0107e susreta Tabor u Samoboru. Susret Mjesnoga bratstva OFS-a je u 16:30 sati. <\/p>\n<p>2.\tSutra je sveta misa u 6:00 sati za na\u0161ega prvog predsjednika, dr. Franju Tu\u0111mana. Ispovijed bolesnika i starijih osoba koji ne mogu do\u0107i u crkvu, a prijavili ste ih, bit \u0107e od 8:30 sati. Biblijski sat je nakon ve\u010dernje svete mise.<\/p>\n<p>3.\tMise zornice su od ponedjeljka do subote u 6:00 sati, a tih dana nema svete mise u 7:30.<\/p>\n<p>4.\tU srijedu je susret \u010dlanova Vojske Bezgre\u0161ne nakon ve\u010dernje svete mise.<\/p>\n<p>5.\tU \u010detvrtak je velika ispovijed u na\u0161oj \u017eupi u 9:00 i u 15:00 sati kada \u0107e biti na raspolaganju vi\u0161e sve\u0107enika. U Vikarijatu je, s po\u010detkom u 19:30 sati, socijalni \u010detvrtak kojeg vodi mr. sc. Igor Jakobfi. <\/p>\n<p>6.\tU subotu nakon ve\u010dernje svete mise palimo tre\u0107u svije\u0107u na adventskom vijencu ispred na\u0161e crkve uz prigodan kratki duhovni program.<\/p>\n<p>7.\tSljede\u0107e nedjelje slavimo 3. nedjelju do\u0161a\u0161\u0107a, a ujedno je Nedjelja Caritasa kada skupljamo nov\u010dana sredstva za potrebe Nacionalnog, Nadbiskupijskog i \u017dupnog Caritasa. Mo\u017eete donijeti caritasove kutijice sljede\u0107e nedjelje ovdje u crkvu. Podsje\u0107amo one koji su kumovi djece u Beninu da uplate svoj dar. Caritas na\u0161e Nadbiskupije poziva nas da u vrijeme adventa sudjelujemo u projektu &#8220;Veliko srce za male ljude&#8221; \u010dime bi pomogli rad Pu\u010dke kuhinje kao i Centar za besku\u0107nike u Osijeku. Pomo\u0107i mo\u017eemo prikupljanjem \u017eive\u017enih namirnica, higijenskih potrep\u0161tina i nov\u010danim prilozima. Ujedno smo pozvani pomo\u0107i i Centru za dijete u Osijeku nov\u010danim prilozima i dje\u010djim potrep\u0161tinama. Kao i svake godine, pozvani smo pomo\u0107i i na\u0161im potrebitim obiteljima iz \u017dupe. Svoje darove mo\u017eete donijeti u \u017eupni ured jo\u0161 ovaj tjedan.  <\/p>\n<p>8.\tMolimo sve one koji su se doselili u na\u0161u \u017eupu, promijenili adresu stanovanja, kao i sve one koji do sada nisu primali blagoslov obitelji, a \u017eele ga primiti, neka se jave u \u017eupni ured. Tako\u0111er molimo i sve vas koji jo\u0161 nemate \u017eupnu knji\u017eicu ili je potrebno upisati promjene u postoje\u0107e, da se javite u \u017eupni ured. <\/p>\n<p>9.\tU sakristiji i \u017eupnom uredu mo\u017eete kupiti kalendare za sljede\u0107u gra\u0111ansku godinu. Kupujte i \u010ditajte vjerski tisak.<\/p>\n","protected":false},"excerpt":{"rendered":"<p>DRUGA NEDJELJA DO\u0160A\u0160\u0106A 9. prosinca 2018. 1. Danas slavimo 2. nedjelju do\u0161a\u0161\u0107a. Nakon svetih misa skupljamo nov\u010dane priloge za obnovu Ku\u0107e susreta Tabor u Samoboru. Susret Mjesnoga bratstva OFS-a je u 16:30 sati. 2. Sutra je sveta misa u 6:00 sati za na\u0161ega prvog predsjednika, dr. Franju Tu\u0111mana. Ispovijed bolesnika i starijih osoba koji ne <a href=\"https:\/\/svetaobitelj.hr\/?p=595\" class=\"more-link\">[&hellip;]<\/a><\/p>\n","protected":false},"author":2,"featured_media":0,"comment_status":"closed","ping_status":"closed","sticky":false,"template":"","format":"standard","meta":{"footnotes":""},"categories":[3],"tags":[],"class_list":["entry","author-","post-595","post","type-post","status-publish","format-standard","category-zupa"],"_links":{"self":[{"href":"https:\/\/svetaobitelj.hr\/index.php?rest_route=\/wp\/v2\/posts\/595","targetHints":{"allow":["GET"]}}],"collection":[{"href":"https:\/\/svetaobitelj.hr\/index.php?rest_route=\/wp\/v2\/posts"}],"about":[{"href":"https:\/\/svetaobitelj.hr\/index.php?rest_route=\/wp\/v2\/types\/post"}],"author":[{"embeddable":true,"href":"https:\/\/svetaobitelj.hr\/index.php?rest_route=\/wp\/v2\/users\/2"}],"replies":[{"embeddable":true,"href":"https:\/\/svetaobitelj.hr\/index.php?rest_route=%2Fwp%2Fv2%2Fcomments&post=595"}],"version-history":[{"count":1,"href":"https:\/\/svetaobitelj.hr\/index.php?rest_route=\/wp\/v2\/posts\/595\/revisions"}],"predecessor-version":[{"id":596,"href":"https:\/\/svetaobitelj.hr\/index.php?rest_route=\/wp\/v2\/posts\/595\/revisions\/596"}],"wp:attachment":[{"href":"https:\/\/svetaobitelj.hr\/index.php?rest_route=%2Fwp%2Fv2%2Fmedia&parent=595"}],"wp:term":[{"taxonomy":"category","embeddable":true,"href":"https:\/\/svetaobitelj.hr\/index.php?rest_route=%2Fwp%2Fv2%2Fcategories&post=595"},{"taxonomy":"post_tag","embeddable":true,"href":"https:\/\/svetaobitelj.hr\/index.php?rest_route=%2Fwp%2Fv2%2Ftags&post=595"}],"curies":[{"name":"wp","href":"https:\/\/api.w.org\/{rel}","templated":true}]}}