{"id":592,"date":"2018-12-05T07:38:57","date_gmt":"2018-12-05T06:38:57","guid":{"rendered":"http:\/\/svetaobitelj.hr\/?p=592"},"modified":"2020-01-29T21:58:31","modified_gmt":"2020-01-29T20:58:31","slug":"proslava-75-godina-caritasa-nase-nadbiskupije","status":"publish","type":"post","link":"https:\/\/svetaobitelj.hr\/?p=592","title":{"rendered":"Proslava 75 godina Caritasa na\u0161e Nadbiskupije"},"content":{"rendered":"<p>U Vikarijatu je 4. prosinca proslavljeno 75 godina postojanja Caritasa na\u0161e Nadbiskupije. Volonteri Caritasa na\u0161e \u017eupe sa fra Dragutinom su nazo\u010dili ovome slavlju zajedno sa svim volonterima, sve\u010denicima iz \u017eupa Nadbiskupije. Tom prigodom \u010duli smo o povijesti Caritasa, djelovanju do danas uz primjere pojedinih udruga koje karitativno djeluju. Uz predavanje pre\u010d. Tukare, prof. Dugali\u0107a ohrabrili su nas i na\u0161i nadbiskupi za daljnje slu\u017eenje potrebitima u ljubavi. Svi smo pozvani biti ruke Kristove, jer vjera bez djela je mrtva. Snagu crpimo iz euharistije i Bogu smo zahvalni \u0161to smo potrebni jedni drugima svjedo\u010diti ljubav.<\/p>\n<p>&nbsp;<\/p>\n<p><img loading=\"lazy\" decoding=\"async\" class=\"alignnone size-medium wp-image-593\" src=\"http:\/\/svetaobitelj.hr\/wp-content\/uploads\/2018\/12\/slika-2-300x300.jpg\" alt=\"\" width=\"300\" height=\"300\" srcset=\"https:\/\/svetaobitelj.hr\/wp-content\/uploads\/2018\/12\/slika-2-300x300.jpg 300w, https:\/\/svetaobitelj.hr\/wp-content\/uploads\/2018\/12\/slika-2-150x150.jpg 150w, https:\/\/svetaobitelj.hr\/wp-content\/uploads\/2018\/12\/slika-2-768x768.jpg 768w, https:\/\/svetaobitelj.hr\/wp-content\/uploads\/2018\/12\/slika-2-1024x1024.jpg 1024w, https:\/\/svetaobitelj.hr\/wp-content\/uploads\/2018\/12\/slika-2.jpg 1920w\" sizes=\"auto, (max-width: 300px) 100vw, 300px\" \/><\/p>\n","protected":false},"excerpt":{"rendered":"<p>U Vikarijatu je 4. prosinca proslavljeno 75 godina postojanja Caritasa na\u0161e Nadbiskupije. Volonteri Caritasa na\u0161e \u017eupe sa fra Dragutinom su nazo\u010dili ovome slavlju zajedno sa svim volonterima, sve\u010denicima iz \u017eupa Nadbiskupije. Tom prigodom \u010duli smo o povijesti Caritasa, djelovanju do danas uz primjere pojedinih udruga koje karitativno djeluju. Uz predavanje pre\u010d. Tukare, prof. Dugali\u0107a ohrabrili <a href=\"https:\/\/svetaobitelj.hr\/?p=592\" class=\"more-link\">[&hellip;]<\/a><\/p>\n","protected":false},"author":2,"featured_media":0,"comment_status":"closed","ping_status":"closed","sticky":false,"template":"","format":"standard","meta":{"footnotes":""},"categories":[3],"tags":[],"class_list":["entry","author-","post-592","post","type-post","status-publish","format-standard","category-zupa"],"_links":{"self":[{"href":"https:\/\/svetaobitelj.hr\/index.php?rest_route=\/wp\/v2\/posts\/592","targetHints":{"allow":["GET"]}}],"collection":[{"href":"https:\/\/svetaobitelj.hr\/index.php?rest_route=\/wp\/v2\/posts"}],"about":[{"href":"https:\/\/svetaobitelj.hr\/index.php?rest_route=\/wp\/v2\/types\/post"}],"author":[{"embeddable":true,"href":"https:\/\/svetaobitelj.hr\/index.php?rest_route=\/wp\/v2\/users\/2"}],"replies":[{"embeddable":true,"href":"https:\/\/svetaobitelj.hr\/index.php?rest_route=%2Fwp%2Fv2%2Fcomments&post=592"}],"version-history":[{"count":1,"href":"https:\/\/svetaobitelj.hr\/index.php?rest_route=\/wp\/v2\/posts\/592\/revisions"}],"predecessor-version":[{"id":594,"href":"https:\/\/svetaobitelj.hr\/index.php?rest_route=\/wp\/v2\/posts\/592\/revisions\/594"}],"wp:attachment":[{"href":"https:\/\/svetaobitelj.hr\/index.php?rest_route=%2Fwp%2Fv2%2Fmedia&parent=592"}],"wp:term":[{"taxonomy":"category","embeddable":true,"href":"https:\/\/svetaobitelj.hr\/index.php?rest_route=%2Fwp%2Fv2%2Fcategories&post=592"},{"taxonomy":"post_tag","embeddable":true,"href":"https:\/\/svetaobitelj.hr\/index.php?rest_route=%2Fwp%2Fv2%2Ftags&post=592"}],"curies":[{"name":"wp","href":"https:\/\/api.w.org\/{rel}","templated":true}]}}