{"id":579,"date":"2018-12-02T10:39:04","date_gmt":"2018-12-02T09:39:04","guid":{"rendered":"http:\/\/svetaobitelj.hr\/?p=579"},"modified":"2020-01-29T21:58:31","modified_gmt":"2020-01-29T20:58:31","slug":"zupne-obavijesti-1-nedjelja-dosasca","status":"publish","type":"post","link":"https:\/\/svetaobitelj.hr\/?p=579","title":{"rendered":"\u017dupne obavijesti: 1. nedjelja do\u0161a\u0161\u0107a"},"content":{"rendered":"<p>PRVA NEDJELJA DO\u0160A\u0160\u0106A<\/p>\n<p>2. prosinca 2018.<\/p>\n<p>1.\tDanas slavimo 1. nedjelju do\u0161a\u0161\u0107a kojom zapo\u010dinje nova liturgijska ili crkvena godina, a ujedno je i prva nedjelja u mjesecu kada se svojim molitvama i nov\u010danim prilozima sje\u0107amo na\u0161ih sjemeni\u0161ta te molimo za duhovna zvanja. Ve\u010deras na\u0161a \u017eupa hodo\u010dasti Gospi Osje\u010dkoj u Tvr\u0111u u sklopu devetnice za njezin blagdan; molitva krunice je u 17:30, a sveta misa u 18:00 sati. Susret Mjesnoga bratstva OFS-a ne\u0107e biti danas ve\u0107 sljede\u0107e  nedjelje u 16:30 sati.<\/p>\n<p>2.\tSutra zapo\u010dinju mise zornice koje su od ponedjeljka do subote u 6:00 sati, a tih dana ne\u0107e biti svete mise u 7:30. Biblijski sat je sutra nakon ve\u010dernje svete mise. U Vikarijatu je u 19:30 sati biblijski ponedjeljak kojeg vodi dr. sc. s. Silvana Fu\u017einato.<\/p>\n<p>3.\tU srijedu je u Vikarijatu molitveno katehetski susret za sve starije od 35 godina kojeg vodi p. Sebastijan \u0160ujevi\u0107 s temom, Duh i na\u0161a Gospa.<\/p>\n<p>4.\tU petak je nakon ve\u010dernje svete mise sastanak \u010dlanova Odbora za karitativnu djelatnost pri \u017dPV-u i volontera Caritasa na\u0161e \u017eupe.<\/p>\n<p>5.\tSljede\u0107e nedjelje slavimo 2. nedjelju do\u0161a\u0161\u0107a. Nakon svetih misa skupljat \u0107emo nov\u010dane priloge za obnovu Ku\u0107e susreta Tabor u Samoboru. <\/p>\n<p>6.\tCaritas na\u0161e Nadbiskupije poziva nas da u vrijeme adventa sudjelujemo u projektu &#8220;Veliko srce za male ljude&#8221; \u010dime bi pomogli rad Pu\u010dke kuhinje kao i Centar za besku\u0107nike u Osijeku. Pomo\u0107i mo\u017eemo prikupljanjem \u017eive\u017enih namirnica, higijenskih potrep\u0161tina i nov\u010danim prilozima. Ujedno smo pozvani pomo\u0107i i Centru za dijete u Osijeku nov\u010danim prilozima i dje\u010djim potrep\u0161tinama. Kao i svake godine, pozvani smo pomo\u0107i i na\u0161im potrebitim obiteljima iz \u017dupe. Svoje darove mo\u017eete donijeti u \u017eupni ured. Volonteri Caritasa na\u0161e \u017eupe prodaju narukvice od \u010dije prodaje novac ide za potrebite u na\u0161oj \u017eupi. <\/p>\n<p>7.\tIspovijed bolesnika i starijih osoba koji ne mogu do\u0107i u crkvu bit \u0107e po ku\u0107ama ili stanovima 10. prosinca od 8:30 sati. Potrebno ih je prijaviti u \u017eupni ured.<\/p>\n<p>8.\tU organizaciji Bra\u010dnog i obiteljskog savjetovali\u0161ta na\u0161e Nadbiskupije zapo\u010deli su susreti za mlade majke koji \u0107e biti u vrijeme do\u0161a\u0161\u0107a svakog \u010detvrtka u 17:30 sati u Vikarijatu. <\/p>\n<p>9.\tMolimo sve one koji su se doselili u na\u0161u \u017eupu, promijenili adresu stanovanja, kao i sve one koji do sada nisu primali blagoslov obitelji, a \u017eele ga primiti, neka se jave u \u017eupni ured. Tako\u0111er molimo i sve vas koji jo\u0161 nemate \u017eupnu knji\u017eicu ili je potrebno upisati promjene u postoje\u0107e, da se javite u \u017eupni ured. <\/p>\n<p>10.\tU sakristiji i \u017eupnom uredu mo\u017eete kupiti kalendare za sljede\u0107u gra\u0111ansku godinu. Kupujte i \u010ditajte vjerski tisak.<\/p>\n","protected":false},"excerpt":{"rendered":"<p>PRVA NEDJELJA DO\u0160A\u0160\u0106A 2. prosinca 2018. 1. Danas slavimo 1. nedjelju do\u0161a\u0161\u0107a kojom zapo\u010dinje nova liturgijska ili crkvena godina, a ujedno je i prva nedjelja u mjesecu kada se svojim molitvama i nov\u010danim prilozima sje\u0107amo na\u0161ih sjemeni\u0161ta te molimo za duhovna zvanja. Ve\u010deras na\u0161a \u017eupa hodo\u010dasti Gospi Osje\u010dkoj u Tvr\u0111u u sklopu devetnice za njezin <a href=\"https:\/\/svetaobitelj.hr\/?p=579\" class=\"more-link\">[&hellip;]<\/a><\/p>\n","protected":false},"author":2,"featured_media":0,"comment_status":"closed","ping_status":"closed","sticky":false,"template":"","format":"standard","meta":{"footnotes":""},"categories":[3],"tags":[],"class_list":["entry","author-","post-579","post","type-post","status-publish","format-standard","category-zupa"],"_links":{"self":[{"href":"https:\/\/svetaobitelj.hr\/index.php?rest_route=\/wp\/v2\/posts\/579","targetHints":{"allow":["GET"]}}],"collection":[{"href":"https:\/\/svetaobitelj.hr\/index.php?rest_route=\/wp\/v2\/posts"}],"about":[{"href":"https:\/\/svetaobitelj.hr\/index.php?rest_route=\/wp\/v2\/types\/post"}],"author":[{"embeddable":true,"href":"https:\/\/svetaobitelj.hr\/index.php?rest_route=\/wp\/v2\/users\/2"}],"replies":[{"embeddable":true,"href":"https:\/\/svetaobitelj.hr\/index.php?rest_route=%2Fwp%2Fv2%2Fcomments&post=579"}],"version-history":[{"count":1,"href":"https:\/\/svetaobitelj.hr\/index.php?rest_route=\/wp\/v2\/posts\/579\/revisions"}],"predecessor-version":[{"id":580,"href":"https:\/\/svetaobitelj.hr\/index.php?rest_route=\/wp\/v2\/posts\/579\/revisions\/580"}],"wp:attachment":[{"href":"https:\/\/svetaobitelj.hr\/index.php?rest_route=%2Fwp%2Fv2%2Fmedia&parent=579"}],"wp:term":[{"taxonomy":"category","embeddable":true,"href":"https:\/\/svetaobitelj.hr\/index.php?rest_route=%2Fwp%2Fv2%2Fcategories&post=579"},{"taxonomy":"post_tag","embeddable":true,"href":"https:\/\/svetaobitelj.hr\/index.php?rest_route=%2Fwp%2Fv2%2Ftags&post=579"}],"curies":[{"name":"wp","href":"https:\/\/api.w.org\/{rel}","templated":true}]}}