{"id":576,"date":"2018-11-24T11:21:40","date_gmt":"2018-11-24T10:21:40","guid":{"rendered":"http:\/\/svetaobitelj.hr\/?p=576"},"modified":"2020-01-29T21:58:31","modified_gmt":"2020-01-29T20:58:31","slug":"zupne-obavijesti-34-nedjelja-kroz-godinu-2","status":"publish","type":"post","link":"https:\/\/svetaobitelj.hr\/?p=576","title":{"rendered":"\u017dupne obavijesti: 34. nedjelja kroz godinu"},"content":{"rendered":"<p>NEDJELJA KRISTA KRALJA<\/p>\n<p>25. studenoga 2018.<\/p>\n<p>1.\tDanas slavimo Nedjelju Krista Kralja svega stvorenja ili trideset i \u010detvrtu nedjelju kroz godinu koja je ujedno i posljednja nedjelja u liturgijskoj ili crkvenoj godini. Susret Mjesnoga bratstva OFS-a je u 16:30 sati.<\/p>\n<p>2.\tSutra je biblijski sat nakon ve\u010dernje svete mise. U srijedu je redoviti sastanak \u017eupnih vije\u0107a u 19:30 sati u na\u0161oj vjeronau\u010dnoj dvorani. U \u010detvrtak zapo\u010dinje devetnica Gospi Osje\u010dkoj u franjeva\u010dkoj crkvi u Tvr\u0111i. Svaku ve\u010der devetnice hodo\u010dasti pojedina \u017eupa, molitva krunice je u 17:30, a sveta misa u 18:00 sati. Na\u0161a \u017eupa hodo\u010dasti u nedjelju, 2. prosinca. Tako\u0111er u \u010detvrtak bit \u0107e susret s roditeljima ovogodi\u0161njih kandidata za primanje sakramenata ispovijedi, pri\u010desti i potvrde (tre\u0107i razredi osnovnih \u0161kola i drugi razredi srednjih \u0161kola). Susret zapo\u010dinje ve\u010dernjom svetom misom u 18:30 sati na kojeg su obvezni do\u0107i svi roditelji. Nakon ve\u010dernje mise susret imaju \u010dlanovi Udruge sv. Vinko. U Vikarijatu je, s po\u010detkom u 19:30 sati, predstavljanje Sabranih djela bl. Ivana Merza, a predava\u010d je p. Bo\u017eidar Na\u0111. U subotu je nakon ve\u010dernje svete mise paljenje prve adventske svije\u0107e ispred na\u0161e crkve, a kako je prva subota u mjesecu pod ve\u010dernjom misom i uz paljenje svije\u0107e molit \u0107emo za duhovna zvanja.<\/p>\n<p>3.\tSljede\u0107e nedjelje slavimo prvu nedjelju do\u0161a\u0161\u0107a \u010dime zapo\u010dinje nova crkvena ili liturgijska godina i do\u0161a\u0161\u0107e. Prva je nedjelja u mjesecu kada se svojim molitvama i nov\u010danim prilozima sje\u0107amo na\u0161ih odgojnih ustanova \u2013 sjemeni\u0161ta i molimo za duhovna zvanja. Pod jutarnjom svetom misom molit \u0107emo za dobro\u010dinitelja ove na\u0161e crkve i samostana, pod svetom misom u 11:00 sati bit \u0107e predstavljeni ovogodi\u0161nji kandidati za prvu ispovijed i pri\u010dest kao i za svetu potvrdu, a susret Mjesnoga bratstva OFS-a bit \u0107e u 16:00 sati. Volonteri na\u0161ega Caritasa od sljede\u0107e \u0107e nedjelje prodavati narukvice od \u010dije prodaje novac ide za potrebite.<\/p>\n<p>4.\tKroz vrijeme do\u0161a\u0161\u0107a pozvani smo na djelotvornu ljubav prema potrebitima pa \u0107emo i ove godine skupljati namirnice i higijenske potrep\u0161tine u na\u0161oj \u017eupi. Svoj dar mo\u017eete donijeti u \u017eupni ured. Mo\u017eete uzeti prigodne caritasove kutijice te u njih stavljati dar svoga odricanja u do\u0161a\u0161\u0107u i sve to donijeti u crkvu tre\u0107e nedjelje do\u0161a\u0161\u0107a kada je Nedjelja Caritasa. <\/p>\n<p>5.\tMise zornice zapo\u010dinju u ponedjeljak, 3. prosinca u 6:00 sati. Zornice su svakog radnog dana te tih dana ne\u0107e biti svete mise u 7:30 sati.<\/p>\n<p>6.\tIspovijed bolesnika i starijih osoba koji ne mogu do\u0107i u crkvu bit \u0107e po ku\u0107ama ili stanovima 10. prosinca od 8:30 sati. Potrebno ih je prijaviti u \u017eupni ured.<\/p>\n<p>7.\tMolimo sve vas koji jo\u0161 nemate \u017eupnu knji\u017eicu ili je potrebno upisati promjene u postoje\u0107e, da se javite u \u017eupni ured.<\/p>\n<p>8.\tKupujte i \u010ditajte vjerski tisak. Kalendare za sljede\u0107u godinu mo\u017eete kupiti u sakristiji i \u017eupnom uredu.<\/p>\n","protected":false},"excerpt":{"rendered":"<p>NEDJELJA KRISTA KRALJA 25. studenoga 2018. 1. Danas slavimo Nedjelju Krista Kralja svega stvorenja ili trideset i \u010detvrtu nedjelju kroz godinu koja je ujedno i posljednja nedjelja u liturgijskoj ili crkvenoj godini. Susret Mjesnoga bratstva OFS-a je u 16:30 sati. 2. Sutra je biblijski sat nakon ve\u010dernje svete mise. U srijedu je redoviti sastanak \u017eupnih <a href=\"https:\/\/svetaobitelj.hr\/?p=576\" class=\"more-link\">[&hellip;]<\/a><\/p>\n","protected":false},"author":2,"featured_media":0,"comment_status":"closed","ping_status":"closed","sticky":false,"template":"","format":"standard","meta":{"footnotes":""},"categories":[3],"tags":[],"class_list":["entry","author-","post-576","post","type-post","status-publish","format-standard","category-zupa"],"_links":{"self":[{"href":"https:\/\/svetaobitelj.hr\/index.php?rest_route=\/wp\/v2\/posts\/576","targetHints":{"allow":["GET"]}}],"collection":[{"href":"https:\/\/svetaobitelj.hr\/index.php?rest_route=\/wp\/v2\/posts"}],"about":[{"href":"https:\/\/svetaobitelj.hr\/index.php?rest_route=\/wp\/v2\/types\/post"}],"author":[{"embeddable":true,"href":"https:\/\/svetaobitelj.hr\/index.php?rest_route=\/wp\/v2\/users\/2"}],"replies":[{"embeddable":true,"href":"https:\/\/svetaobitelj.hr\/index.php?rest_route=%2Fwp%2Fv2%2Fcomments&post=576"}],"version-history":[{"count":1,"href":"https:\/\/svetaobitelj.hr\/index.php?rest_route=\/wp\/v2\/posts\/576\/revisions"}],"predecessor-version":[{"id":577,"href":"https:\/\/svetaobitelj.hr\/index.php?rest_route=\/wp\/v2\/posts\/576\/revisions\/577"}],"wp:attachment":[{"href":"https:\/\/svetaobitelj.hr\/index.php?rest_route=%2Fwp%2Fv2%2Fmedia&parent=576"}],"wp:term":[{"taxonomy":"category","embeddable":true,"href":"https:\/\/svetaobitelj.hr\/index.php?rest_route=%2Fwp%2Fv2%2Fcategories&post=576"},{"taxonomy":"post_tag","embeddable":true,"href":"https:\/\/svetaobitelj.hr\/index.php?rest_route=%2Fwp%2Fv2%2Ftags&post=576"}],"curies":[{"name":"wp","href":"https:\/\/api.w.org\/{rel}","templated":true}]}}