{"id":567,"date":"2018-11-18T20:07:47","date_gmt":"2018-11-18T19:07:47","guid":{"rendered":"http:\/\/svetaobitelj.hr\/?p=567"},"modified":"2020-01-29T21:58:31","modified_gmt":"2020-01-29T20:58:31","slug":"vukovar-grad-heroj","status":"publish","type":"post","link":"https:\/\/svetaobitelj.hr\/?p=567","title":{"rendered":"Vukovar &#8211; grad heroj"},"content":{"rendered":"<p>Dana\u0161nji dan je krvavim slovima upisan u hrvatsku povijest, povijest koju su ispisali na\u0161i branitelji daju\u0107i ono najvrjednije za na\u0161u slobodu &#8211; svoj \u017eivot. Hrvatska danas moli za svoje \u017ertve, za one koji su mu\u010deni, ubijeni na najgore na\u010dine da bismo mi danas mogli nazivati se Hrvatima. Najmanje \u0161to mo\u017eemo je zahvaliti im, molitvom u ti\u0161ini sje\u0107aju\u0107i se svih onih koji nisu s nama, i onih za kojima tragamo. Isuse, vjerujemo da ih u Tvome krilu sad ni\u0161ta ne boli, da im tamo nije hladno i da s neba zagovaraju za na\u0161u Hrvatsku. Molimo Te da na\u0111emo na\u0161e najmilije, da kada palimo svije\u0107u znamo gdje im je zadnje po\u010divali\u0161te, da utje\u0161i\u0161 uplakane majke i da nam svima dade\u0161 dovoljno ljubavi da na\u0161u domovinu volimo onako kako su je branitelji voljeli. Molimo te povij rane na\u0161em divu hrvatskome, na\u0161emu narodu da ljubavlju kojom ljubi\u0161 nas i mi ljubimo one prve me\u0111u jednakima, na\u0161e heroje koji nam ba\u0161 svojim primjerom pokaza\u0161e da je ljubav ljubljena.<br \/>\nSpavaj mirno Vukovare, i \u010duvaj u svojim njedrima hrabre sokolove.<\/p>\n<p>&nbsp;<\/p>\n<p>&nbsp;<\/p>\n<p><img loading=\"lazy\" decoding=\"async\" class=\"alignnone size-full wp-image-568\" src=\"http:\/\/svetaobitelj.hr\/wp-content\/uploads\/2018\/11\/slika-2.jpg\" alt=\"\" width=\"185\" height=\"139\" \/><\/p>\n","protected":false},"excerpt":{"rendered":"<p>Dana\u0161nji dan je krvavim slovima upisan u hrvatsku povijest, povijest koju su ispisali na\u0161i branitelji daju\u0107i ono najvrjednije za na\u0161u slobodu &#8211; svoj \u017eivot. Hrvatska danas moli za svoje \u017ertve, za one koji su mu\u010deni, ubijeni na najgore na\u010dine da bismo mi danas mogli nazivati se Hrvatima. Najmanje \u0161to mo\u017eemo je zahvaliti im, molitvom u <a href=\"https:\/\/svetaobitelj.hr\/?p=567\" class=\"more-link\">[&hellip;]<\/a><\/p>\n","protected":false},"author":2,"featured_media":0,"comment_status":"closed","ping_status":"closed","sticky":false,"template":"","format":"standard","meta":{"footnotes":""},"categories":[3],"tags":[],"class_list":["entry","author-","post-567","post","type-post","status-publish","format-standard","category-zupa"],"_links":{"self":[{"href":"https:\/\/svetaobitelj.hr\/index.php?rest_route=\/wp\/v2\/posts\/567","targetHints":{"allow":["GET"]}}],"collection":[{"href":"https:\/\/svetaobitelj.hr\/index.php?rest_route=\/wp\/v2\/posts"}],"about":[{"href":"https:\/\/svetaobitelj.hr\/index.php?rest_route=\/wp\/v2\/types\/post"}],"author":[{"embeddable":true,"href":"https:\/\/svetaobitelj.hr\/index.php?rest_route=\/wp\/v2\/users\/2"}],"replies":[{"embeddable":true,"href":"https:\/\/svetaobitelj.hr\/index.php?rest_route=%2Fwp%2Fv2%2Fcomments&post=567"}],"version-history":[{"count":4,"href":"https:\/\/svetaobitelj.hr\/index.php?rest_route=\/wp\/v2\/posts\/567\/revisions"}],"predecessor-version":[{"id":574,"href":"https:\/\/svetaobitelj.hr\/index.php?rest_route=\/wp\/v2\/posts\/567\/revisions\/574"}],"wp:attachment":[{"href":"https:\/\/svetaobitelj.hr\/index.php?rest_route=%2Fwp%2Fv2%2Fmedia&parent=567"}],"wp:term":[{"taxonomy":"category","embeddable":true,"href":"https:\/\/svetaobitelj.hr\/index.php?rest_route=%2Fwp%2Fv2%2Fcategories&post=567"},{"taxonomy":"post_tag","embeddable":true,"href":"https:\/\/svetaobitelj.hr\/index.php?rest_route=%2Fwp%2Fv2%2Ftags&post=567"}],"curies":[{"name":"wp","href":"https:\/\/api.w.org\/{rel}","templated":true}]}}