{"id":561,"date":"2018-11-13T16:14:09","date_gmt":"2018-11-13T15:14:09","guid":{"rendered":"http:\/\/svetaobitelj.hr\/?p=561"},"modified":"2020-01-29T21:58:32","modified_gmt":"2020-01-29T20:58:32","slug":"nedjelja-bracnih-jubileja","status":"publish","type":"post","link":"https:\/\/svetaobitelj.hr\/?p=561","title":{"rendered":"Nedjelja bra\u010dnih jubileja"},"content":{"rendered":"<p>Bra\u010dni parovi koji ove godine slave 25 i 50\u00a0 godina bra\u010dno- obiteljskog \u017eivota sve\u010dano su u na\u0161oj \u017eupi u nedjelju 11. studenoga obilje\u017eili svetom misom i prigodnim zahvalnicama na\u0161ega nadbiskupa \u0110ure, dok su oni koji slave 10 i 40 godina dobili zahvalnice na\u0161ega \u017eupnika fra Dragutina koji je i predslavio misu.\u00a0 \u017delimo vam jo\u0161 puno zajedni\u010dkih godina, te da nastavite biti uzorom va\u0161im obiteljima i poznanicima. \u010cestitamo jo\u0161 jednom i neka vam\u00a0 Sveta Obitelj bude ohrabrenje kroz va\u0161e budu\u0107e dane i godine.<\/p>\n<p><img loading=\"lazy\" decoding=\"async\" class=\"size-medium wp-image-562 alignright\" src=\"http:\/\/svetaobitelj.hr\/wp-content\/uploads\/2018\/11\/slika2-300x300.jpg\" alt=\"\" width=\"300\" height=\"300\" srcset=\"https:\/\/svetaobitelj.hr\/wp-content\/uploads\/2018\/11\/slika2-300x300.jpg 300w, https:\/\/svetaobitelj.hr\/wp-content\/uploads\/2018\/11\/slika2-150x150.jpg 150w, https:\/\/svetaobitelj.hr\/wp-content\/uploads\/2018\/11\/slika2-768x768.jpg 768w, https:\/\/svetaobitelj.hr\/wp-content\/uploads\/2018\/11\/slika2-1024x1024.jpg 1024w, https:\/\/svetaobitelj.hr\/wp-content\/uploads\/2018\/11\/slika2.jpg 1920w\" sizes=\"auto, (max-width: 300px) 100vw, 300px\" \/><\/p>\n<p>&nbsp;<\/p>\n<p>&nbsp;<\/p>\n","protected":false},"excerpt":{"rendered":"<p>Bra\u010dni parovi koji ove godine slave 25 i 50\u00a0 godina bra\u010dno- obiteljskog \u017eivota sve\u010dano su u na\u0161oj \u017eupi u nedjelju 11. studenoga obilje\u017eili svetom misom i prigodnim zahvalnicama na\u0161ega nadbiskupa \u0110ure, dok su oni koji slave 10 i 40 godina dobili zahvalnice na\u0161ega \u017eupnika fra Dragutina koji je i predslavio misu.\u00a0 \u017delimo vam jo\u0161 puno <a href=\"https:\/\/svetaobitelj.hr\/?p=561\" class=\"more-link\">[&hellip;]<\/a><\/p>\n","protected":false},"author":2,"featured_media":0,"comment_status":"closed","ping_status":"closed","sticky":false,"template":"","format":"standard","meta":{"footnotes":""},"categories":[3],"tags":[],"class_list":["entry","author-","post-561","post","type-post","status-publish","format-standard","category-zupa"],"_links":{"self":[{"href":"https:\/\/svetaobitelj.hr\/index.php?rest_route=\/wp\/v2\/posts\/561","targetHints":{"allow":["GET"]}}],"collection":[{"href":"https:\/\/svetaobitelj.hr\/index.php?rest_route=\/wp\/v2\/posts"}],"about":[{"href":"https:\/\/svetaobitelj.hr\/index.php?rest_route=\/wp\/v2\/types\/post"}],"author":[{"embeddable":true,"href":"https:\/\/svetaobitelj.hr\/index.php?rest_route=\/wp\/v2\/users\/2"}],"replies":[{"embeddable":true,"href":"https:\/\/svetaobitelj.hr\/index.php?rest_route=%2Fwp%2Fv2%2Fcomments&post=561"}],"version-history":[{"count":1,"href":"https:\/\/svetaobitelj.hr\/index.php?rest_route=\/wp\/v2\/posts\/561\/revisions"}],"predecessor-version":[{"id":563,"href":"https:\/\/svetaobitelj.hr\/index.php?rest_route=\/wp\/v2\/posts\/561\/revisions\/563"}],"wp:attachment":[{"href":"https:\/\/svetaobitelj.hr\/index.php?rest_route=%2Fwp%2Fv2%2Fmedia&parent=561"}],"wp:term":[{"taxonomy":"category","embeddable":true,"href":"https:\/\/svetaobitelj.hr\/index.php?rest_route=%2Fwp%2Fv2%2Fcategories&post=561"},{"taxonomy":"post_tag","embeddable":true,"href":"https:\/\/svetaobitelj.hr\/index.php?rest_route=%2Fwp%2Fv2%2Ftags&post=561"}],"curies":[{"name":"wp","href":"https:\/\/api.w.org\/{rel}","templated":true}]}}