{"id":558,"date":"2018-11-13T16:06:08","date_gmt":"2018-11-13T15:06:08","guid":{"rendered":"http:\/\/svetaobitelj.hr\/?p=558"},"modified":"2020-01-29T21:58:32","modified_gmt":"2020-01-29T20:58:32","slug":"vii-izborni-kapitul-osjeckog-podrucnog-bratstva-ofs-a","status":"publish","type":"post","link":"https:\/\/svetaobitelj.hr\/?p=558","title":{"rendered":"VII. izborni kapitul Osje\u010dkog podru\u010dnog bratstva OFS-a"},"content":{"rendered":"<p>Osje\u010dko podru\u010dno bratstvo franjeva\u010dkog svjetovnog reda (OFS) Sv. Antuna Padovanskoga izabralo je 10. studenog 2018. godine novo podru\u010dno vije\u0107e. Predstavnici mjesnih bratstava sa duhovnim asistentima okupili se u prostorima Vikarijata \u0110akova\u010dko \u2013 osje\u010dke nadbiskupije na VII. Izborni kapitul.<br \/>\nNakon uvodne molitve okupljene je pozdravila dosada\u0161nja ministra s. Maja Janc i predstavila pohoditelje s nacionalne razine s. Branku \u010cernugelj, ministru Hrvatskog nacionalnog bratstva franjeva\u010dkog svjetovnog reda i fra Zvonimira Brusa\u010da, predstavnika konferencije duhovnih asistenata.<br \/>\nFra Zvonimir je odr\u017eao duhovni nagovor na temu \u201e40 godina pravila OFS-a\u201c. Ovo obnovljeno pravilo se temeljilo na izvornom pravilu kako ga je osmislio sv. Franjo i smjernicama II. Vatikanskog koncila. \u010clanovi dosada\u0161njeg vije\u0107a su iznijeli trogodi\u0161nja izvje\u0161\u0107a o svom radu u vije\u0107u.<br \/>\nNakon stanke po\u010deo je izborni dio kapitula. Izabrano je 9 \u010dlanova vije\u0107a:<br \/>\nMinistra: s. Ankica \u0160eri\u0107,<br \/>\nZamjenik ministre: b. Franjo Janc,<br \/>\nTajnica: s. Lukrecija \u0160tark,<br \/>\nBlagajnica: s. Jaka Kordi\u0107,<br \/>\nPovjerenik za formaciju: b. Silvester Ba\u0161i\u0107,<br \/>\nPovjerenik za Framu: b. Marko Kapular,<br \/>\nI tri vije\u0107nice: s. Agneza Tomi\u0107, s. Luca \u0160uljug i s. Slavica Laurovi\u0107.<br \/>\nNakon izbora odr\u017eana je sv. Misa u kapelici sv. Roka tijekom koje je fra Zvonimir Brusa\u010d blagoslovio novo vije\u0107e, a s. Branka slu\u017ebeno potvrdila izbor bra\u0107e i sestara za svoje slu\u017ebe.<\/p>\n<p>(Maja i Slaven)<\/p>\n<p>&nbsp;<\/p>\n<p><img loading=\"lazy\" decoding=\"async\" class=\"size-medium wp-image-559 aligncenter\" src=\"http:\/\/svetaobitelj.hr\/wp-content\/uploads\/2018\/11\/slika1-300x300.jpg\" alt=\"\" width=\"300\" height=\"300\" srcset=\"https:\/\/svetaobitelj.hr\/wp-content\/uploads\/2018\/11\/slika1-300x300.jpg 300w, https:\/\/svetaobitelj.hr\/wp-content\/uploads\/2018\/11\/slika1-150x150.jpg 150w, https:\/\/svetaobitelj.hr\/wp-content\/uploads\/2018\/11\/slika1-768x768.jpg 768w, https:\/\/svetaobitelj.hr\/wp-content\/uploads\/2018\/11\/slika1-1024x1024.jpg 1024w, https:\/\/svetaobitelj.hr\/wp-content\/uploads\/2018\/11\/slika1.jpg 1920w\" sizes=\"auto, (max-width: 300px) 100vw, 300px\" \/><\/p>\n","protected":false},"excerpt":{"rendered":"<p>Osje\u010dko podru\u010dno bratstvo franjeva\u010dkog svjetovnog reda (OFS) Sv. Antuna Padovanskoga izabralo je 10. studenog 2018. godine novo podru\u010dno vije\u0107e. Predstavnici mjesnih bratstava sa duhovnim asistentima okupili se u prostorima Vikarijata \u0110akova\u010dko \u2013 osje\u010dke nadbiskupije na VII. Izborni kapitul. Nakon uvodne molitve okupljene je pozdravila dosada\u0161nja ministra s. Maja Janc i predstavila pohoditelje s nacionalne razine <a href=\"https:\/\/svetaobitelj.hr\/?p=558\" class=\"more-link\">[&hellip;]<\/a><\/p>\n","protected":false},"author":2,"featured_media":0,"comment_status":"closed","ping_status":"closed","sticky":false,"template":"","format":"standard","meta":{"footnotes":""},"categories":[3],"tags":[],"class_list":["entry","author-","post-558","post","type-post","status-publish","format-standard","category-zupa"],"_links":{"self":[{"href":"https:\/\/svetaobitelj.hr\/index.php?rest_route=\/wp\/v2\/posts\/558","targetHints":{"allow":["GET"]}}],"collection":[{"href":"https:\/\/svetaobitelj.hr\/index.php?rest_route=\/wp\/v2\/posts"}],"about":[{"href":"https:\/\/svetaobitelj.hr\/index.php?rest_route=\/wp\/v2\/types\/post"}],"author":[{"embeddable":true,"href":"https:\/\/svetaobitelj.hr\/index.php?rest_route=\/wp\/v2\/users\/2"}],"replies":[{"embeddable":true,"href":"https:\/\/svetaobitelj.hr\/index.php?rest_route=%2Fwp%2Fv2%2Fcomments&post=558"}],"version-history":[{"count":1,"href":"https:\/\/svetaobitelj.hr\/index.php?rest_route=\/wp\/v2\/posts\/558\/revisions"}],"predecessor-version":[{"id":560,"href":"https:\/\/svetaobitelj.hr\/index.php?rest_route=\/wp\/v2\/posts\/558\/revisions\/560"}],"wp:attachment":[{"href":"https:\/\/svetaobitelj.hr\/index.php?rest_route=%2Fwp%2Fv2%2Fmedia&parent=558"}],"wp:term":[{"taxonomy":"category","embeddable":true,"href":"https:\/\/svetaobitelj.hr\/index.php?rest_route=%2Fwp%2Fv2%2Fcategories&post=558"},{"taxonomy":"post_tag","embeddable":true,"href":"https:\/\/svetaobitelj.hr\/index.php?rest_route=%2Fwp%2Fv2%2Ftags&post=558"}],"curies":[{"name":"wp","href":"https:\/\/api.w.org\/{rel}","templated":true}]}}