{"id":551,"date":"2018-11-09T19:22:19","date_gmt":"2018-11-09T18:22:19","guid":{"rendered":"http:\/\/svetaobitelj.hr\/?p=551"},"modified":"2020-01-29T21:58:32","modified_gmt":"2020-01-29T20:58:32","slug":"proslava-25-godina-hrvatskoga-caritasa","status":"publish","type":"post","link":"https:\/\/svetaobitelj.hr\/?p=551","title":{"rendered":"Proslava 25 godina Hrvatskoga Caritasa"},"content":{"rendered":"<p>U Vikarijatu 08.11.2018 uz uvodnu rije\u010d i pozdrave na\u0161ega nadbiskupa \u0110ure, zanimljiva predavanja i dru\u017eenje obilje\u017eili smo 25 godina Hrvatskoga Caritasa. Bogu smo zahvalni na volonterima i suradnicima na\u0161ega \u017eupnog Caritasa, te uz zagovor bla\u017eenoga Alojzija Stepinca nastavljamo \u010diniti djela s ljubavlju onima kojima je to najpotrebnije.<\/p>\n<p>&nbsp;<\/p>\n<p><img loading=\"lazy\" decoding=\"async\" class=\"size-medium wp-image-552 alignright\" src=\"http:\/\/svetaobitelj.hr\/wp-content\/uploads\/2018\/11\/slika-1-300x300.jpg\" alt=\"\" width=\"300\" height=\"300\" srcset=\"https:\/\/svetaobitelj.hr\/wp-content\/uploads\/2018\/11\/slika-1-300x300.jpg 300w, https:\/\/svetaobitelj.hr\/wp-content\/uploads\/2018\/11\/slika-1-150x150.jpg 150w, https:\/\/svetaobitelj.hr\/wp-content\/uploads\/2018\/11\/slika-1-768x768.jpg 768w, https:\/\/svetaobitelj.hr\/wp-content\/uploads\/2018\/11\/slika-1-1024x1024.jpg 1024w, https:\/\/svetaobitelj.hr\/wp-content\/uploads\/2018\/11\/slika-1.jpg 1920w\" sizes=\"auto, (max-width: 300px) 100vw, 300px\" \/><\/p>\n","protected":false},"excerpt":{"rendered":"<p>U Vikarijatu 08.11.2018 uz uvodnu rije\u010d i pozdrave na\u0161ega nadbiskupa \u0110ure, zanimljiva predavanja i dru\u017eenje obilje\u017eili smo 25 godina Hrvatskoga Caritasa. Bogu smo zahvalni na volonterima i suradnicima na\u0161ega \u017eupnog Caritasa, te uz zagovor bla\u017eenoga Alojzija Stepinca nastavljamo \u010diniti djela s ljubavlju onima kojima je to najpotrebnije. &nbsp;<\/p>\n","protected":false},"author":2,"featured_media":0,"comment_status":"closed","ping_status":"closed","sticky":false,"template":"","format":"standard","meta":{"footnotes":""},"categories":[3],"tags":[],"class_list":["entry","author-","post-551","post","type-post","status-publish","format-standard","category-zupa"],"_links":{"self":[{"href":"https:\/\/svetaobitelj.hr\/index.php?rest_route=\/wp\/v2\/posts\/551","targetHints":{"allow":["GET"]}}],"collection":[{"href":"https:\/\/svetaobitelj.hr\/index.php?rest_route=\/wp\/v2\/posts"}],"about":[{"href":"https:\/\/svetaobitelj.hr\/index.php?rest_route=\/wp\/v2\/types\/post"}],"author":[{"embeddable":true,"href":"https:\/\/svetaobitelj.hr\/index.php?rest_route=\/wp\/v2\/users\/2"}],"replies":[{"embeddable":true,"href":"https:\/\/svetaobitelj.hr\/index.php?rest_route=%2Fwp%2Fv2%2Fcomments&post=551"}],"version-history":[{"count":1,"href":"https:\/\/svetaobitelj.hr\/index.php?rest_route=\/wp\/v2\/posts\/551\/revisions"}],"predecessor-version":[{"id":553,"href":"https:\/\/svetaobitelj.hr\/index.php?rest_route=\/wp\/v2\/posts\/551\/revisions\/553"}],"wp:attachment":[{"href":"https:\/\/svetaobitelj.hr\/index.php?rest_route=%2Fwp%2Fv2%2Fmedia&parent=551"}],"wp:term":[{"taxonomy":"category","embeddable":true,"href":"https:\/\/svetaobitelj.hr\/index.php?rest_route=%2Fwp%2Fv2%2Fcategories&post=551"},{"taxonomy":"post_tag","embeddable":true,"href":"https:\/\/svetaobitelj.hr\/index.php?rest_route=%2Fwp%2Fv2%2Ftags&post=551"}],"curies":[{"name":"wp","href":"https:\/\/api.w.org\/{rel}","templated":true}]}}