{"id":549,"date":"2018-11-09T19:11:22","date_gmt":"2018-11-09T18:11:22","guid":{"rendered":"http:\/\/svetaobitelj.hr\/?p=549"},"modified":"2020-01-29T21:58:32","modified_gmt":"2020-01-29T20:58:32","slug":"zupne-obavijesti-32-nedjelja-kroz-godinu","status":"publish","type":"post","link":"https:\/\/svetaobitelj.hr\/?p=549","title":{"rendered":"\u017dupne obavijesti: 32. nedjelja kroz godinu"},"content":{"rendered":"<p>32. NEDJELJA KROZ GODINU<\/p>\n<p>11. studenoga 2018.<\/p>\n<p>1.\tDanas slavimo trideset i drugu nedjelju kroz godinu. Nakon svetih misa sakupljamo nov\u010dane priloge za Ku\u0107u susreta Tabor u Samoboru. U na\u0161oj je Nadbiskupiji Nedjelja bra\u010dnih jubileja u svim \u017eupnim zajednicama. Ju\u010der je na Izbornoj skup\u0161tini OFS-a Osje\u010dkoga podru\u010dnog bratstva, za doministra Vije\u0107a izabran Franjo Janc, a Slavica Laurovi\u0107 za vije\u0107nicu. <\/p>\n<p>2.\tSutra je biblijski sat nakon ve\u010dernje svete mise. U Vikarijatu je biblijski ponedjeljak s po\u010detkom u 19:30 sati kojeg vodi dr. sc. s. Silvana Fu\u017einato.<\/p>\n<p>3.\tU srijedu je u Vikarijatu molitveno-katehetski susret u 19:30 sati kojeg vodi p. Sebastijan \u0160ujevi\u0107.<\/p>\n<p>4.\tU \u010detvrtak je klanjanje pred Presvetim nakon ve\u010dernje svete mise kada \u0107emo moliti za Vukovar, a osobito za na\u0161e branitelje.<\/p>\n<p>5.\tU subotu, 17. studenoga, u prostorima KBF-a u \u0110akovu Seminar je za \u010dita\u010de i \u010dlanove biblijskih skupina s po\u010detkom u 9:00 sati. Zainteresirani iz na\u0161e \u017dupe neka se jave u \u017eupni ured do srijede.<\/p>\n<p>6.\tSljede\u0107e nedjelje slavimo trideset i tre\u0107u nedjelju kroz godinu. Godi\u0161njica je pada grada Vukovara i obilje\u017eavanje Dana sje\u0107anja na \u017ertvu Vukovara. U na\u0161oj je Nadbiskupiji Spomen-hodo\u010da\u0161\u0107e u Vukovar. Program sje\u0107anja: u 10 sati u krugu vukovarske bolnice zapo\u010dinje slu\u017ebeni program; u 10:30 polazi &#8220;Kolona sje\u0107anja&#8221; prema Memorijalnom groblju; u 12:15 molitva i polaganje vijenaca kod Sredi\u0161njeg kri\u017ea na Memorijalnom groblju; u 13:00 sati zapo\u010dinje euharistijsko slavlje koje predvodi mons. dr. Egidije \u017divkovi\u0107, biskup \u017deljezna u Austriji.<\/p>\n<p>7.\tU subotu, 24. studenoga ove godine, s po\u010detkom u 9:00 sati, bit \u0107e Seminar za animatore i suradnike u pastoralu braka i obitelji u Strossmayerovoj dvorani Katoli\u010dkoga bogoslovnog fakulteta u \u0110akovu. Tema seminara je \u201eObitelj \u2013 ku\u0107na Crkva na stijeni\u201c. Preporu\u010duje se da iz svake \u017eupe sudjeluje barem jedan bra\u010dni par pa zainteresirane pozivamo da se jave u \u017eupni ured najkasnije do 19. studenoga radi prijave istih na sudjelovanje.<\/p>\n<p>8.\tU utorak, 4. prosinca ove godine u 17:00 sati, u Vikarijatu \u0107e biti obilje\u017eavanje 75 godina postojanja Caritasa \u0110akova\u010dko-osje\u010dke nadbiskupije. Na ovu proslavu osobito su pozvani na sudjelovanje sve\u0107enici, volonteri Caritasa kao i \u010dlanovi Odbora za karitativnu djelatnost pri \u017dPV-u. Svoje sudjelovanje je potrebno prijaviti u \u017eupnom uredu do ove srijede.<\/p>\n<p>9.\tMolimo sve vas koji jo\u0161 nemate \u017eupnu knji\u017eicu ili je potrebno upisati promjene u postoje\u0107e, da se javite u \u017eupni ured.<\/p>\n<p>10.\tKupujte i \u010ditajte vjerski tisak. Kalendare za sljede\u0107u godinu mo\u017eete kupiti u sakristiji i \u017eupnom uredu.<\/p>\n","protected":false},"excerpt":{"rendered":"<p>32. NEDJELJA KROZ GODINU 11. studenoga 2018. 1. Danas slavimo trideset i drugu nedjelju kroz godinu. Nakon svetih misa sakupljamo nov\u010dane priloge za Ku\u0107u susreta Tabor u Samoboru. U na\u0161oj je Nadbiskupiji Nedjelja bra\u010dnih jubileja u svim \u017eupnim zajednicama. Ju\u010der je na Izbornoj skup\u0161tini OFS-a Osje\u010dkoga podru\u010dnog bratstva, za doministra Vije\u0107a izabran Franjo Janc, a <a href=\"https:\/\/svetaobitelj.hr\/?p=549\" class=\"more-link\">[&hellip;]<\/a><\/p>\n","protected":false},"author":2,"featured_media":0,"comment_status":"closed","ping_status":"closed","sticky":false,"template":"","format":"standard","meta":{"footnotes":""},"categories":[3],"tags":[],"class_list":["entry","author-","post-549","post","type-post","status-publish","format-standard","category-zupa"],"_links":{"self":[{"href":"https:\/\/svetaobitelj.hr\/index.php?rest_route=\/wp\/v2\/posts\/549","targetHints":{"allow":["GET"]}}],"collection":[{"href":"https:\/\/svetaobitelj.hr\/index.php?rest_route=\/wp\/v2\/posts"}],"about":[{"href":"https:\/\/svetaobitelj.hr\/index.php?rest_route=\/wp\/v2\/types\/post"}],"author":[{"embeddable":true,"href":"https:\/\/svetaobitelj.hr\/index.php?rest_route=\/wp\/v2\/users\/2"}],"replies":[{"embeddable":true,"href":"https:\/\/svetaobitelj.hr\/index.php?rest_route=%2Fwp%2Fv2%2Fcomments&post=549"}],"version-history":[{"count":3,"href":"https:\/\/svetaobitelj.hr\/index.php?rest_route=\/wp\/v2\/posts\/549\/revisions"}],"predecessor-version":[{"id":555,"href":"https:\/\/svetaobitelj.hr\/index.php?rest_route=\/wp\/v2\/posts\/549\/revisions\/555"}],"wp:attachment":[{"href":"https:\/\/svetaobitelj.hr\/index.php?rest_route=%2Fwp%2Fv2%2Fmedia&parent=549"}],"wp:term":[{"taxonomy":"category","embeddable":true,"href":"https:\/\/svetaobitelj.hr\/index.php?rest_route=%2Fwp%2Fv2%2Fcategories&post=549"},{"taxonomy":"post_tag","embeddable":true,"href":"https:\/\/svetaobitelj.hr\/index.php?rest_route=%2Fwp%2Fv2%2Ftags&post=549"}],"curies":[{"name":"wp","href":"https:\/\/api.w.org\/{rel}","templated":true}]}}