{"id":541,"date":"2018-11-05T20:18:15","date_gmt":"2018-11-05T19:18:15","guid":{"rendered":"http:\/\/svetaobitelj.hr\/?p=541"},"modified":"2020-01-29T21:58:40","modified_gmt":"2020-01-29T20:58:40","slug":"zupne-obavijesti-31-nedjelja-kroz-godinu","status":"publish","type":"post","link":"https:\/\/svetaobitelj.hr\/?p=541","title":{"rendered":"\u017dupne obavijesti: 31. nedjelja kroz godinu"},"content":{"rendered":"<p>31. NEDJELJA KROZ GODINU<\/p>\n<p>4. studenoga 2018.<\/p>\n<p>1.\tDanas slavimo trideset i prvu nedjelju kroz godinu. Prva je nedjelja u mjesecu kada svojim molitvama i nov\u010danim prilozima poma\u017eemo na\u0161a sjemeni\u0161ta te molimo za duhovna zvanja. Susret \u010dlanova OFS-a je u 16:30. <\/p>\n<p>2.\tSutra je biblijski sat nakon ve\u010dernje svete mise.<\/p>\n<p>3.\tU srijedu je nakon ve\u010dernje svete mise susret \u010dlanova Vojske Bezgre\u0161ne.<\/p>\n<p>4.\tU \u010detvrtak je redovita \u017eupna kateheza za prve razrede srednjih \u0161kola, a  klanjanje pred Presvetim je nakon ve\u010dernje svete mise. U Vikarijatu \u0107e biti Tribina koja je ujedno i proslava povodom 25. obljetnice djelovanja Hrvatskoga Caritasa u Osijeku koja zapo\u010dinje u 18:00 sati. Osobito su pozvani sve\u0107enici svih \u017eupa, volonteri \u017eupnih caritasa kao i \u010dlanovi odbora za karitativnu djelatnost pri \u017eupnim pastoralnim vije\u0107ima.<\/p>\n<p>5.\tU petak je pobo\u017enost na \u010dast bl. Marije Petkovi\u0107 u 18:15.<\/p>\n<p>6.\tU subotu je u Vikarijatu Izborna skup\u0161tina Osje\u010dkoga podru\u010dnog bratstva OFS-a, a u na\u0161oj je \u017eupi Izborna skup\u0161tina Osje\u010dkoga podru\u010dnog bratstva Frame. Tako\u0111er u Vikarijatu, s po\u010detkom u 18:00 sati, bit \u0107e dekanatski susret bra\u010dnih parova kojeg \u0107e voditi dr. sc. Josip Bo\u0161njakovi\u0107, psihoterapeut i sve\u0107enik. Tema susreta je psiholo\u0161ko-biblijska, \u201eKrist zaru\u010dnik i prijatelj\u201c.<\/p>\n<p>7.\tSljede\u0107e nedjelje slavimo trideset i drugu nedjelju kroz godinu. Nakon svetih misa sakupljat \u0107emo nov\u010dane priloge za Ku\u0107u susreta Tabor u Samoboru. U na\u0161oj je Nadbiskupiji Nedjelja bra\u010dnih jubileja u svim \u017eupnim zajednicama. Osobito ste pozvani  koji slavite 25, 50 i 60 godina bra\u010dno-obiteljskog \u017eivota ili neku drugu okruglu godi\u0161njicu da se javite u \u017eupni ured do srijede kako bi se zajedni\u010dki pripremili za to slavlje koje \u0107e biti pod svetom misom u 9:00 sati. <\/p>\n<p>8.\tNadbiskupijski ured za pastoral studenata i Udruga Duhos organiziraju ciklus evangelizacijskih susreta za studente i profesore Sveu\u010dili\u0161ta u Osijeku pod naslovom \u201eUstani i hodaj. Razgovori o vjeri\u201c. Predava\u010d je izv. prof. dr. sc. Kre\u0161imir \u0160imi\u0107, a susreti su \u010detvrtkom u 19:30 sati u novom studentskom domu na osje\u010dkom kampusu. Vjeronauk i klanjanje za studente i mlade bit \u0107e svakog utorka u 20:00 sati u \u017eupnoj crkvi sv. \u0106irila i Metoda u Divaltovoj, a predvodit \u0107e vl\u010d. Mario \u017digman, studentski kapelan u Osijeku.<\/p>\n<p>9.\tMolimo sve vas koji jo\u0161 nemate \u017eupnu knji\u017eicu ili je potrebno upisati promjene u postoje\u0107e, da se javite u \u017eupni ured.<\/p>\n<p>10.\tKupujte i \u010ditajte vjerski tisak. Kalendare za sljede\u0107u godinu mo\u017eete kupiti u sakristiji i \u017eupnom uredu.<\/p>\n","protected":false},"excerpt":{"rendered":"<p>31. NEDJELJA KROZ GODINU 4. studenoga 2018. 1. Danas slavimo trideset i prvu nedjelju kroz godinu. Prva je nedjelja u mjesecu kada svojim molitvama i nov\u010danim prilozima poma\u017eemo na\u0161a sjemeni\u0161ta te molimo za duhovna zvanja. Susret \u010dlanova OFS-a je u 16:30. 2. Sutra je biblijski sat nakon ve\u010dernje svete mise. 3. U srijedu je nakon <a href=\"https:\/\/svetaobitelj.hr\/?p=541\" class=\"more-link\">[&hellip;]<\/a><\/p>\n","protected":false},"author":2,"featured_media":0,"comment_status":"closed","ping_status":"closed","sticky":false,"template":"","format":"standard","meta":{"footnotes":""},"categories":[3],"tags":[],"class_list":["entry","author-","post-541","post","type-post","status-publish","format-standard","category-zupa"],"_links":{"self":[{"href":"https:\/\/svetaobitelj.hr\/index.php?rest_route=\/wp\/v2\/posts\/541","targetHints":{"allow":["GET"]}}],"collection":[{"href":"https:\/\/svetaobitelj.hr\/index.php?rest_route=\/wp\/v2\/posts"}],"about":[{"href":"https:\/\/svetaobitelj.hr\/index.php?rest_route=\/wp\/v2\/types\/post"}],"author":[{"embeddable":true,"href":"https:\/\/svetaobitelj.hr\/index.php?rest_route=\/wp\/v2\/users\/2"}],"replies":[{"embeddable":true,"href":"https:\/\/svetaobitelj.hr\/index.php?rest_route=%2Fwp%2Fv2%2Fcomments&post=541"}],"version-history":[{"count":1,"href":"https:\/\/svetaobitelj.hr\/index.php?rest_route=\/wp\/v2\/posts\/541\/revisions"}],"predecessor-version":[{"id":542,"href":"https:\/\/svetaobitelj.hr\/index.php?rest_route=\/wp\/v2\/posts\/541\/revisions\/542"}],"wp:attachment":[{"href":"https:\/\/svetaobitelj.hr\/index.php?rest_route=%2Fwp%2Fv2%2Fmedia&parent=541"}],"wp:term":[{"taxonomy":"category","embeddable":true,"href":"https:\/\/svetaobitelj.hr\/index.php?rest_route=%2Fwp%2Fv2%2Fcategories&post=541"},{"taxonomy":"post_tag","embeddable":true,"href":"https:\/\/svetaobitelj.hr\/index.php?rest_route=%2Fwp%2Fv2%2Ftags&post=541"}],"curies":[{"name":"wp","href":"https:\/\/api.w.org\/{rel}","templated":true}]}}