{"id":524,"date":"2018-10-15T16:17:20","date_gmt":"2018-10-15T15:17:20","guid":{"rendered":"http:\/\/svetaobitelj.hr\/?p=524"},"modified":"2020-01-29T21:58:40","modified_gmt":"2020-01-29T20:58:40","slug":"524","status":"publish","type":"post","link":"https:\/\/svetaobitelj.hr\/?p=524","title":{"rendered":"Dani kruha u dje\u010djem vrti\u0107u Marija Petkovi\u0107"},"content":{"rendered":"<p>Dana 12.10.2018. u DV \u201eMarija Petkovi\u0107\u201c u Osijeku odr\u017eani su \u201eDani kruha\u201c, kao i svake godine. Bila je ovo prilika da jasli\u010dka i vrti\u010dka skupina zajedno sa svojim roditeljima i odgajateljicama zahvale Bogu na svim darovima.<br \/>\nZajedno sa roditeljima djeca su pripremila ko\u0161arice pune darova koje su donijeli u vrti\u0107. Bilo je tu kruha, peciva, kola\u010da, vo\u0107a, povr\u0107a te sokova. Zajedno s odgajateljicama prikazali su darove na oltaru i pripremili ih za blagoslov. U 15:30 sati odr\u017eano je misno slavlje koje je predvodio fra Dragutin Bedeni\u010di\u0107. Poseban doprinos dala su djeca svojom radosnom pjesmom i molitvom vjernika, koje su marljivo pripremali sa svojim odgajateljicama. Nakon mise i blagoslova hrane i pi\u0107a, zajedno smo se po\u010dastili s hranom i pi\u0107em koje smo zajedno pripremili.<br \/>\nTako u DV Marija Petkovi\u0107 u Osijeku njegujemo duh zajedni\u0161tva i molitve. Veselimo se svakom novom okupljanju na\u0161e velike vrti\u0107ke obitelji. Zahvalni smo Bogu na svim darovima koje nam daje a posebno na ovom daru zajedni\u0161tva koji se njeguje u na\u0161em vrti\u0107u i omogu\u0107uje na\u0161oj djeci odrastanje u vjeri i ljubavi koje se prenosi u svaku na\u0161u obitelj \u010dine\u0107i je tako boljom .<\/p>\n<p>Josipa Flam<\/p>\n<p><img loading=\"lazy\" decoding=\"async\" class=\"alignnone size-medium wp-image-525\" src=\"http:\/\/svetaobitelj.hr\/wp-content\/uploads\/2018\/10\/slika-4-300x169.jpg\" alt=\"\" width=\"300\" height=\"169\" srcset=\"https:\/\/svetaobitelj.hr\/wp-content\/uploads\/2018\/10\/slika-4-300x169.jpg 300w, https:\/\/svetaobitelj.hr\/wp-content\/uploads\/2018\/10\/slika-4-768x432.jpg 768w, https:\/\/svetaobitelj.hr\/wp-content\/uploads\/2018\/10\/slika-4-1024x576.jpg 1024w, https:\/\/svetaobitelj.hr\/wp-content\/uploads\/2018\/10\/slika-4.jpg 1280w\" sizes=\"auto, (max-width: 300px) 100vw, 300px\" \/><\/p>\n","protected":false},"excerpt":{"rendered":"<p>Dana 12.10.2018. u DV \u201eMarija Petkovi\u0107\u201c u Osijeku odr\u017eani su \u201eDani kruha\u201c, kao i svake godine. Bila je ovo prilika da jasli\u010dka i vrti\u010dka skupina zajedno sa svojim roditeljima i odgajateljicama zahvale Bogu na svim darovima. Zajedno sa roditeljima djeca su pripremila ko\u0161arice pune darova koje su donijeli u vrti\u0107. Bilo je tu kruha, peciva, <a href=\"https:\/\/svetaobitelj.hr\/?p=524\" class=\"more-link\">[&hellip;]<\/a><\/p>\n","protected":false},"author":2,"featured_media":0,"comment_status":"closed","ping_status":"closed","sticky":false,"template":"","format":"standard","meta":{"footnotes":""},"categories":[3],"tags":[],"class_list":["entry","author-","post-524","post","type-post","status-publish","format-standard","category-zupa"],"_links":{"self":[{"href":"https:\/\/svetaobitelj.hr\/index.php?rest_route=\/wp\/v2\/posts\/524","targetHints":{"allow":["GET"]}}],"collection":[{"href":"https:\/\/svetaobitelj.hr\/index.php?rest_route=\/wp\/v2\/posts"}],"about":[{"href":"https:\/\/svetaobitelj.hr\/index.php?rest_route=\/wp\/v2\/types\/post"}],"author":[{"embeddable":true,"href":"https:\/\/svetaobitelj.hr\/index.php?rest_route=\/wp\/v2\/users\/2"}],"replies":[{"embeddable":true,"href":"https:\/\/svetaobitelj.hr\/index.php?rest_route=%2Fwp%2Fv2%2Fcomments&post=524"}],"version-history":[{"count":2,"href":"https:\/\/svetaobitelj.hr\/index.php?rest_route=\/wp\/v2\/posts\/524\/revisions"}],"predecessor-version":[{"id":527,"href":"https:\/\/svetaobitelj.hr\/index.php?rest_route=\/wp\/v2\/posts\/524\/revisions\/527"}],"wp:attachment":[{"href":"https:\/\/svetaobitelj.hr\/index.php?rest_route=%2Fwp%2Fv2%2Fmedia&parent=524"}],"wp:term":[{"taxonomy":"category","embeddable":true,"href":"https:\/\/svetaobitelj.hr\/index.php?rest_route=%2Fwp%2Fv2%2Fcategories&post=524"},{"taxonomy":"post_tag","embeddable":true,"href":"https:\/\/svetaobitelj.hr\/index.php?rest_route=%2Fwp%2Fv2%2Ftags&post=524"}],"curies":[{"name":"wp","href":"https:\/\/api.w.org\/{rel}","templated":true}]}}