{"id":521,"date":"2018-10-15T16:10:34","date_gmt":"2018-10-15T15:10:34","guid":{"rendered":"http:\/\/svetaobitelj.hr\/?p=521"},"modified":"2020-01-29T21:58:40","modified_gmt":"2020-01-29T20:58:40","slug":"posjet-misionara-iz-ruande-fra-ivice-perica","status":"publish","type":"post","link":"https:\/\/svetaobitelj.hr\/?p=521","title":{"rendered":"Posjet misionara iz Ruande fra Ivice Peri\u0107a"},"content":{"rendered":"<p>U nedjelju, 14. listopada, na svetoj misi u 11 sati sudjelovao je fra Ivica koji je u propovijedi istaknuo va\u017enost svih nas, Kristovih u\u010denika koji svojim prilozima i molitvama olak\u0161avamo i upotpunjujemo rad misije iz koje dolazi. Fra Ivica djeluje u malom mjestu Kiwumu u Ruandi gdje je naslijedio tragi\u010dno ubijenog fra Vjeku \u010diji su je rad i djelo nadahnuli da nastavi istim putem i dovr\u0161i zapo\u010detu ideju fra Vjeke te tako danas u malome selu kojega nema na karti djeluje vrti\u0107, osnovna te srednja tehni\u010dka i strukovna \u0161kola i to sve zahvaljuju\u0107i donacijama hrvatskoga naroda. Jer osim \u0161to im je donio radosnu vijest spasenja fra Ivica omogu\u0107io je i \u0161kolovanje stotinama djece. Slu\u0161aju\u0107i nadahnjuju\u0107e i inspirativne rije\u010di na\u0161ega misionara mo\u017eemo se svi zajedno zapitati koliko i \u0161to \u010dinimo konkretno da bismo pomogli onima kojima je pomo\u0107 najpotrebnija. Lako je iz udobnosti toploga doma i punoga \u017eeluca pametovati drugima, bit je svakoga pravog Kr\u0161\u0107anina da pomogne bratu ili sestru u potrebi. Jer bijah gladan i nahraniste me, bijah \u017eedan i napojiste me, bijah gol i ogrnuste me-jesmo li mi ti koji prepoznajemo Isusa u onima najbespomo\u0107nijima?!<br \/>\nPridru\u017eite se na\u0161oj misijskoj skupini, jer zajedno mo\u017eemo u ime Bo\u017eje \u010diniti \u010duda. \u010cekamo vas!!!<\/p>\n<p><img loading=\"lazy\" decoding=\"async\" class=\"size-medium wp-image-522 aligncenter\" src=\"http:\/\/svetaobitelj.hr\/wp-content\/uploads\/2018\/10\/slika-3-300x300.jpg\" alt=\"\" width=\"300\" height=\"300\" srcset=\"https:\/\/svetaobitelj.hr\/wp-content\/uploads\/2018\/10\/slika-3-300x300.jpg 300w, https:\/\/svetaobitelj.hr\/wp-content\/uploads\/2018\/10\/slika-3-150x150.jpg 150w, https:\/\/svetaobitelj.hr\/wp-content\/uploads\/2018\/10\/slika-3-768x768.jpg 768w, https:\/\/svetaobitelj.hr\/wp-content\/uploads\/2018\/10\/slika-3-1024x1024.jpg 1024w, https:\/\/svetaobitelj.hr\/wp-content\/uploads\/2018\/10\/slika-3.jpg 1920w\" sizes=\"auto, (max-width: 300px) 100vw, 300px\" \/><\/p>\n","protected":false},"excerpt":{"rendered":"<p>U nedjelju, 14. listopada, na svetoj misi u 11 sati sudjelovao je fra Ivica koji je u propovijedi istaknuo va\u017enost svih nas, Kristovih u\u010denika koji svojim prilozima i molitvama olak\u0161avamo i upotpunjujemo rad misije iz koje dolazi. Fra Ivica djeluje u malom mjestu Kiwumu u Ruandi gdje je naslijedio tragi\u010dno ubijenog fra Vjeku \u010diji su <a href=\"https:\/\/svetaobitelj.hr\/?p=521\" class=\"more-link\">[&hellip;]<\/a><\/p>\n","protected":false},"author":2,"featured_media":0,"comment_status":"closed","ping_status":"closed","sticky":false,"template":"","format":"standard","meta":{"footnotes":""},"categories":[3],"tags":[],"class_list":["entry","author-","post-521","post","type-post","status-publish","format-standard","category-zupa"],"_links":{"self":[{"href":"https:\/\/svetaobitelj.hr\/index.php?rest_route=\/wp\/v2\/posts\/521","targetHints":{"allow":["GET"]}}],"collection":[{"href":"https:\/\/svetaobitelj.hr\/index.php?rest_route=\/wp\/v2\/posts"}],"about":[{"href":"https:\/\/svetaobitelj.hr\/index.php?rest_route=\/wp\/v2\/types\/post"}],"author":[{"embeddable":true,"href":"https:\/\/svetaobitelj.hr\/index.php?rest_route=\/wp\/v2\/users\/2"}],"replies":[{"embeddable":true,"href":"https:\/\/svetaobitelj.hr\/index.php?rest_route=%2Fwp%2Fv2%2Fcomments&post=521"}],"version-history":[{"count":1,"href":"https:\/\/svetaobitelj.hr\/index.php?rest_route=\/wp\/v2\/posts\/521\/revisions"}],"predecessor-version":[{"id":523,"href":"https:\/\/svetaobitelj.hr\/index.php?rest_route=\/wp\/v2\/posts\/521\/revisions\/523"}],"wp:attachment":[{"href":"https:\/\/svetaobitelj.hr\/index.php?rest_route=%2Fwp%2Fv2%2Fmedia&parent=521"}],"wp:term":[{"taxonomy":"category","embeddable":true,"href":"https:\/\/svetaobitelj.hr\/index.php?rest_route=%2Fwp%2Fv2%2Fcategories&post=521"},{"taxonomy":"post_tag","embeddable":true,"href":"https:\/\/svetaobitelj.hr\/index.php?rest_route=%2Fwp%2Fv2%2Ftags&post=521"}],"curies":[{"name":"wp","href":"https:\/\/api.w.org\/{rel}","templated":true}]}}