{"id":515,"date":"2018-10-13T17:01:54","date_gmt":"2018-10-13T16:01:54","guid":{"rendered":"http:\/\/svetaobitelj.hr\/?p=515"},"modified":"2020-01-29T21:58:40","modified_gmt":"2020-01-29T20:58:40","slug":"vukovar-div-hrvatski","status":"publish","type":"post","link":"https:\/\/svetaobitelj.hr\/?p=515","title":{"rendered":"Vukovar- div hrvatski"},"content":{"rendered":"<p>Danas su u Vukovaru i na\u0161i \u017eupljani nazo\u010dili kriku hrvatskoga naroda koji vapi za istinom i pravdom. Tisu\u0107e ljudi iz svih krajeva Hrvatske na sredi\u0161njem vukovarskom trgu svjedo\u010dile su koliko nam je potrebno jedinstvo kao iz ranih devedesetih i kako se bilo hrvatskoga naroda nikada ne smije prestati oslu\u0161kivati, jer \u0161to nam vrijede svi zakoni i svo sudstvo svijeta ako na njima nema pravde?! Danas je narod rekao dosta, nakon 10 tisu\u0107a dana \u0161utnje, \u017eelimo pravdu za na\u0161u bra\u0107u i sestre nad kojima je izvr\u0161en nezamisliv zlo\u010din. S vjerom u Boga i Njegovu providnost, molimo se da se \u017eelje na\u0161ih srca ispune.. Jer Vukovar, to smo svi mi.<\/p>\n<p>&nbsp;<\/p>\n<p>&nbsp;<\/p>\n<p><img loading=\"lazy\" decoding=\"async\" class=\"size-medium wp-image-516 aligncenter\" src=\"http:\/\/svetaobitelj.hr\/wp-content\/uploads\/2018\/10\/slika1-2-300x225.jpg\" alt=\"\" width=\"300\" height=\"225\" srcset=\"https:\/\/svetaobitelj.hr\/wp-content\/uploads\/2018\/10\/slika1-2-300x225.jpg 300w, https:\/\/svetaobitelj.hr\/wp-content\/uploads\/2018\/10\/slika1-2-768x576.jpg 768w, https:\/\/svetaobitelj.hr\/wp-content\/uploads\/2018\/10\/slika1-2-1024x768.jpg 1024w\" sizes=\"auto, (max-width: 300px) 100vw, 300px\" \/><\/p>\n","protected":false},"excerpt":{"rendered":"<p>Danas su u Vukovaru i na\u0161i \u017eupljani nazo\u010dili kriku hrvatskoga naroda koji vapi za istinom i pravdom. Tisu\u0107e ljudi iz svih krajeva Hrvatske na sredi\u0161njem vukovarskom trgu svjedo\u010dile su koliko nam je potrebno jedinstvo kao iz ranih devedesetih i kako se bilo hrvatskoga naroda nikada ne smije prestati oslu\u0161kivati, jer \u0161to nam vrijede svi zakoni <a href=\"https:\/\/svetaobitelj.hr\/?p=515\" class=\"more-link\">[&hellip;]<\/a><\/p>\n","protected":false},"author":2,"featured_media":0,"comment_status":"closed","ping_status":"closed","sticky":false,"template":"","format":"standard","meta":{"footnotes":""},"categories":[3],"tags":[],"class_list":["entry","author-","post-515","post","type-post","status-publish","format-standard","category-zupa"],"_links":{"self":[{"href":"https:\/\/svetaobitelj.hr\/index.php?rest_route=\/wp\/v2\/posts\/515","targetHints":{"allow":["GET"]}}],"collection":[{"href":"https:\/\/svetaobitelj.hr\/index.php?rest_route=\/wp\/v2\/posts"}],"about":[{"href":"https:\/\/svetaobitelj.hr\/index.php?rest_route=\/wp\/v2\/types\/post"}],"author":[{"embeddable":true,"href":"https:\/\/svetaobitelj.hr\/index.php?rest_route=\/wp\/v2\/users\/2"}],"replies":[{"embeddable":true,"href":"https:\/\/svetaobitelj.hr\/index.php?rest_route=%2Fwp%2Fv2%2Fcomments&post=515"}],"version-history":[{"count":1,"href":"https:\/\/svetaobitelj.hr\/index.php?rest_route=\/wp\/v2\/posts\/515\/revisions"}],"predecessor-version":[{"id":517,"href":"https:\/\/svetaobitelj.hr\/index.php?rest_route=\/wp\/v2\/posts\/515\/revisions\/517"}],"wp:attachment":[{"href":"https:\/\/svetaobitelj.hr\/index.php?rest_route=%2Fwp%2Fv2%2Fmedia&parent=515"}],"wp:term":[{"taxonomy":"category","embeddable":true,"href":"https:\/\/svetaobitelj.hr\/index.php?rest_route=%2Fwp%2Fv2%2Fcategories&post=515"},{"taxonomy":"post_tag","embeddable":true,"href":"https:\/\/svetaobitelj.hr\/index.php?rest_route=%2Fwp%2Fv2%2Ftags&post=515"}],"curies":[{"name":"wp","href":"https:\/\/api.w.org\/{rel}","templated":true}]}}