{"id":510,"date":"2018-10-13T16:43:43","date_gmt":"2018-10-13T15:43:43","guid":{"rendered":"http:\/\/svetaobitelj.hr\/?p=510"},"modified":"2020-01-29T21:58:41","modified_gmt":"2020-01-29T20:58:41","slug":"zupne-obavijesti-28-nedjelja-kroz-godinu","status":"publish","type":"post","link":"https:\/\/svetaobitelj.hr\/?p=510","title":{"rendered":"\u017dupne obavijesti: 28. nedjelja kroz godinu"},"content":{"rendered":"<p>28. NEDJELJA KROZ GODINU<\/p>\n<p>14. listopada 2018.<\/p>\n<p>1.\tDanas slavimo dvadeset i osmu nedjelju kroz godinu. Pod svetom misom u 11:00 sati na\u0161 gost je fra Ivica Peri\u0107, misionar iz Ruande. Imamo priliku nakon svetih misa  i nov\u010dano pomo\u0107i za njegovo misijsko djelovanje.<\/p>\n<p>2.\tOd sutra pa do nedjelje imat \u0107emo u na\u0161oj \u017eupi misijski tjedan kada \u0107emo pod ve\u010dernjim svetim misama razmi\u0161ljati i moliti za na\u0161e misionare. Sutra je biblijski sat nakon ve\u010dernje svete mise, a u Vikarijatu je biblijska tribina u 19:30 sati koju vodi dr. sc. s. Silvana Fu\u017einato.<\/p>\n<p>3.\tU \u010detvrtak je, u sklopu misijskoga tjedna, klanjanje pred Presvetim nakon ve\u010dernje svete mise, a u Vikarijatu je u 19:30 sati socijalna tribina koju vodi mr. sc. Igor Jakobfi. <\/p>\n<p>4.\tU petak je u Vikarijatu u 19:30 sati predstavljanje dokumentarnog filma i knjige Romana Leljaka \u201eMit o Jasenovcu\u201c u organizaciji Instituta za novu evangelizaciju Osijek i Dru\u0161tva Huda Jama Zagreb. Ne\u0107e biti susreta Frame.<\/p>\n<p>5.\tSljede\u0107e nedjelje slavimo dvadeset i devetu nedjelju kroz godinu. Misijska je nedjelja kada \u0107emo svojim molitvama i nov\u010danim prilozima pomo\u0107i djelovanje misionara diljem svijeta. Susret Mjesnoga bratstva OFS-a bit \u0107e u 16:30 sati.<\/p>\n<p>6.\tU tijeku je molitvena akcija 40 dana za \u017eivot.<\/p>\n<p>7.\tKupujte i \u010ditajte vjerski tisak.<\/p>\n","protected":false},"excerpt":{"rendered":"<p>28. NEDJELJA KROZ GODINU 14. listopada 2018. 1. Danas slavimo dvadeset i osmu nedjelju kroz godinu. Pod svetom misom u 11:00 sati na\u0161 gost je fra Ivica Peri\u0107, misionar iz Ruande. Imamo priliku nakon svetih misa i nov\u010dano pomo\u0107i za njegovo misijsko djelovanje. 2. Od sutra pa do nedjelje imat \u0107emo u na\u0161oj \u017eupi misijski <a href=\"https:\/\/svetaobitelj.hr\/?p=510\" class=\"more-link\">[&hellip;]<\/a><\/p>\n","protected":false},"author":2,"featured_media":0,"comment_status":"closed","ping_status":"closed","sticky":false,"template":"","format":"standard","meta":{"footnotes":""},"categories":[3],"tags":[],"class_list":["entry","author-","post-510","post","type-post","status-publish","format-standard","category-zupa"],"_links":{"self":[{"href":"https:\/\/svetaobitelj.hr\/index.php?rest_route=\/wp\/v2\/posts\/510","targetHints":{"allow":["GET"]}}],"collection":[{"href":"https:\/\/svetaobitelj.hr\/index.php?rest_route=\/wp\/v2\/posts"}],"about":[{"href":"https:\/\/svetaobitelj.hr\/index.php?rest_route=\/wp\/v2\/types\/post"}],"author":[{"embeddable":true,"href":"https:\/\/svetaobitelj.hr\/index.php?rest_route=\/wp\/v2\/users\/2"}],"replies":[{"embeddable":true,"href":"https:\/\/svetaobitelj.hr\/index.php?rest_route=%2Fwp%2Fv2%2Fcomments&post=510"}],"version-history":[{"count":1,"href":"https:\/\/svetaobitelj.hr\/index.php?rest_route=\/wp\/v2\/posts\/510\/revisions"}],"predecessor-version":[{"id":511,"href":"https:\/\/svetaobitelj.hr\/index.php?rest_route=\/wp\/v2\/posts\/510\/revisions\/511"}],"wp:attachment":[{"href":"https:\/\/svetaobitelj.hr\/index.php?rest_route=%2Fwp%2Fv2%2Fmedia&parent=510"}],"wp:term":[{"taxonomy":"category","embeddable":true,"href":"https:\/\/svetaobitelj.hr\/index.php?rest_route=%2Fwp%2Fv2%2Fcategories&post=510"},{"taxonomy":"post_tag","embeddable":true,"href":"https:\/\/svetaobitelj.hr\/index.php?rest_route=%2Fwp%2Fv2%2Ftags&post=510"}],"curies":[{"name":"wp","href":"https:\/\/api.w.org\/{rel}","templated":true}]}}