{"id":507,"date":"2018-10-12T11:17:04","date_gmt":"2018-10-12T10:17:04","guid":{"rendered":"http:\/\/svetaobitelj.hr\/?p=507"},"modified":"2020-01-29T21:58:41","modified_gmt":"2020-01-29T20:58:41","slug":"proslava-10-godina-metropolije","status":"publish","type":"post","link":"https:\/\/svetaobitelj.hr\/?p=507","title":{"rendered":"Proslava 10 godina Metropolije"},"content":{"rendered":"<p>Dana 11.listopada 2018. godine hodo\u010dastili smo u \u0110akovo na obljetnicu desetogodisnjice na\u0161e Metropolije. Pred prepunom katedralom sv.misu predslavio je nadbiskup mons. Paul Richard Gallagher, tajnik za odnose s dr\u017eavama iz Dr\u017eavnoga tajni\u0161tva Svete Stolice. Osim zahvale Bogu na na\u0161im pastirima i Svetom Ocu Franji,nadbiskup \u0110uro Hrani\u0107 zahvalio je i svima koji su utkali dio sebe za slobodnu i neovisnu nam Hrvatsku. U zavr\u0161noj rije\u010di kardinal Bozani\u0107 podsjetio nas je na godi\u0161njicu osude u montiranom procesu bl. Alojziju Stepincu kojemu se trebamo utjecati da nas i na\u0161 narod a nadasve na\u0161u domovinu prika\u017ee dragom Bogu. Svetu misu zavr\u0161ili smo himnom Lijepa na\u0161a i pjesmom Rajska Djevo Kraljice Hrvata. Prepuni blagoslova i milosti zaputili smo se doma sa mi\u0161lju koliko Bog ljubi na\u0161 hrvatski narod, hvala mu na tome.<\/p>\n<p>&nbsp;<\/p>\n<p>&nbsp;<\/p>\n<p><img loading=\"lazy\" decoding=\"async\" class=\"size-medium wp-image-508 alignleft\" src=\"http:\/\/svetaobitelj.hr\/wp-content\/uploads\/2018\/10\/slika-1-300x300.jpg\" alt=\"\" width=\"300\" height=\"300\" srcset=\"https:\/\/svetaobitelj.hr\/wp-content\/uploads\/2018\/10\/slika-1-300x300.jpg 300w, https:\/\/svetaobitelj.hr\/wp-content\/uploads\/2018\/10\/slika-1-150x150.jpg 150w, https:\/\/svetaobitelj.hr\/wp-content\/uploads\/2018\/10\/slika-1-768x768.jpg 768w, https:\/\/svetaobitelj.hr\/wp-content\/uploads\/2018\/10\/slika-1-1024x1024.jpg 1024w, https:\/\/svetaobitelj.hr\/wp-content\/uploads\/2018\/10\/slika-1.jpg 1920w\" sizes=\"auto, (max-width: 300px) 100vw, 300px\" \/><\/p>\n","protected":false},"excerpt":{"rendered":"<p>Dana 11.listopada 2018. godine hodo\u010dastili smo u \u0110akovo na obljetnicu desetogodisnjice na\u0161e Metropolije. Pred prepunom katedralom sv.misu predslavio je nadbiskup mons. Paul Richard Gallagher, tajnik za odnose s dr\u017eavama iz Dr\u017eavnoga tajni\u0161tva Svete Stolice. Osim zahvale Bogu na na\u0161im pastirima i Svetom Ocu Franji,nadbiskup \u0110uro Hrani\u0107 zahvalio je i svima koji su utkali dio sebe <a href=\"https:\/\/svetaobitelj.hr\/?p=507\" class=\"more-link\">[&hellip;]<\/a><\/p>\n","protected":false},"author":2,"featured_media":0,"comment_status":"closed","ping_status":"closed","sticky":false,"template":"","format":"standard","meta":{"footnotes":""},"categories":[3],"tags":[],"class_list":["entry","author-","post-507","post","type-post","status-publish","format-standard","category-zupa"],"_links":{"self":[{"href":"https:\/\/svetaobitelj.hr\/index.php?rest_route=\/wp\/v2\/posts\/507","targetHints":{"allow":["GET"]}}],"collection":[{"href":"https:\/\/svetaobitelj.hr\/index.php?rest_route=\/wp\/v2\/posts"}],"about":[{"href":"https:\/\/svetaobitelj.hr\/index.php?rest_route=\/wp\/v2\/types\/post"}],"author":[{"embeddable":true,"href":"https:\/\/svetaobitelj.hr\/index.php?rest_route=\/wp\/v2\/users\/2"}],"replies":[{"embeddable":true,"href":"https:\/\/svetaobitelj.hr\/index.php?rest_route=%2Fwp%2Fv2%2Fcomments&post=507"}],"version-history":[{"count":1,"href":"https:\/\/svetaobitelj.hr\/index.php?rest_route=\/wp\/v2\/posts\/507\/revisions"}],"predecessor-version":[{"id":509,"href":"https:\/\/svetaobitelj.hr\/index.php?rest_route=\/wp\/v2\/posts\/507\/revisions\/509"}],"wp:attachment":[{"href":"https:\/\/svetaobitelj.hr\/index.php?rest_route=%2Fwp%2Fv2%2Fmedia&parent=507"}],"wp:term":[{"taxonomy":"category","embeddable":true,"href":"https:\/\/svetaobitelj.hr\/index.php?rest_route=%2Fwp%2Fv2%2Fcategories&post=507"},{"taxonomy":"post_tag","embeddable":true,"href":"https:\/\/svetaobitelj.hr\/index.php?rest_route=%2Fwp%2Fv2%2Ftags&post=507"}],"curies":[{"name":"wp","href":"https:\/\/api.w.org\/{rel}","templated":true}]}}