{"id":504,"date":"2018-10-10T10:08:07","date_gmt":"2018-10-10T09:08:07","guid":{"rendered":"http:\/\/svetaobitelj.hr\/?p=504"},"modified":"2020-01-29T21:58:41","modified_gmt":"2020-01-29T20:58:41","slug":"hodocasce-u-aljmas","status":"publish","type":"post","link":"https:\/\/svetaobitelj.hr\/?p=504","title":{"rendered":"Hodo\u010da\u0161\u0107e  u Aljma\u0161"},"content":{"rendered":"<p>Hodo\u010da\u0161\u0107e DV \u201eMarija Petkovi\u0107\u201c iz Osijeka u Aljma\u0161 Ve\u0107 tradicionalno, po\u010detkom listopada posebno je ozra\u010dje u Sveti\u0161tu Gospe od Uto\u010di\u0161ta u Aljma\u0161u, jer se odr\u017eava Hodo\u010da\u0161\u0107e jasli\u010dke i vrti\u0107ke skupine DV \u201eMarija Petkovi\u0107\u201c. Tako su i ove godine Sveti\u0161te ispunili brojni mali\u0161ani u pratnji svojih obitelji odgajateljica. Hodo\u010da\u0161\u0107e je odr\u017eano 6.10.2018. u 10.00 sati. Pod duhovnim vodstvom fra Dragutina Bedeni\u010di\u0107a, \u017eupnika \u017dupe Svete Obitelji iz Osijeka, mali hodo\u010dasnici su pjesmom animirali pobo\u017enost kri\u017enog puta na brdu Kalvarija. Odgajateljice i roditelji predmolili su pojedine postaje. Kri\u017eni put zavr\u0161io je posljednjom postajom kod kipa Uskrslog Krista blagoslovom te zajedni\u010dkom fotografijom. Nakon pobo\u017enosti kri\u017enog puta uslijedilo je misno slavlje koje je slu\u017eio fra Dragutin Bedeni\u010di\u0107. Poseban doprinos dala su djeca koja su svojim pjesmama animirala misno slavlje.Za ovu misu posebno su se pripremali u vrti\u0107u sa svojim tetama i svojim obiteljima ispunili srca rado\u0161\u0107u, duhom zajedni\u0161tva, molitvom i pjesmom. Na ovaj na\u010din, svake godine produbljuje se duh zajedni\u0161tva u Kristu koji se posebno njeguje u vrti\u0107u Marija Petkovi\u0107. Okupljaju\u0107i djecu i njihove obitelji u molitvi osna\u017euje se zajednica te uspje\u0161no provode ciljevi vjerskog odgoja u vrti\u0107u. Ve\u0107 sada, djeca se unaprijed vesele idu\u0107em molitvenom okupljanju velike vrti\u0107ke obitelji pod okriljem bla\u017eene Marije Propetog Isusa Petkovi\u0107.<\/p>\n<p>Anita Ko\u010di\u0161<\/p>\n","protected":false},"excerpt":{"rendered":"<p>Hodo\u010da\u0161\u0107e DV \u201eMarija Petkovi\u0107\u201c iz Osijeka u Aljma\u0161 Ve\u0107 tradicionalno, po\u010detkom listopada posebno je ozra\u010dje u Sveti\u0161tu Gospe od Uto\u010di\u0161ta u Aljma\u0161u, jer se odr\u017eava Hodo\u010da\u0161\u0107e jasli\u010dke i vrti\u0107ke skupine DV \u201eMarija Petkovi\u0107\u201c. Tako su i ove godine Sveti\u0161te ispunili brojni mali\u0161ani u pratnji svojih obitelji odgajateljica. Hodo\u010da\u0161\u0107e je odr\u017eano 6.10.2018. u 10.00 sati. Pod <a href=\"https:\/\/svetaobitelj.hr\/?p=504\" class=\"more-link\">[&hellip;]<\/a><\/p>\n","protected":false},"author":2,"featured_media":0,"comment_status":"closed","ping_status":"closed","sticky":false,"template":"","format":"standard","meta":{"footnotes":""},"categories":[3],"tags":[],"class_list":["entry","author-","post-504","post","type-post","status-publish","format-standard","category-zupa"],"_links":{"self":[{"href":"https:\/\/svetaobitelj.hr\/index.php?rest_route=\/wp\/v2\/posts\/504","targetHints":{"allow":["GET"]}}],"collection":[{"href":"https:\/\/svetaobitelj.hr\/index.php?rest_route=\/wp\/v2\/posts"}],"about":[{"href":"https:\/\/svetaobitelj.hr\/index.php?rest_route=\/wp\/v2\/types\/post"}],"author":[{"embeddable":true,"href":"https:\/\/svetaobitelj.hr\/index.php?rest_route=\/wp\/v2\/users\/2"}],"replies":[{"embeddable":true,"href":"https:\/\/svetaobitelj.hr\/index.php?rest_route=%2Fwp%2Fv2%2Fcomments&post=504"}],"version-history":[{"count":3,"href":"https:\/\/svetaobitelj.hr\/index.php?rest_route=\/wp\/v2\/posts\/504\/revisions"}],"predecessor-version":[{"id":529,"href":"https:\/\/svetaobitelj.hr\/index.php?rest_route=\/wp\/v2\/posts\/504\/revisions\/529"}],"wp:attachment":[{"href":"https:\/\/svetaobitelj.hr\/index.php?rest_route=%2Fwp%2Fv2%2Fmedia&parent=504"}],"wp:term":[{"taxonomy":"category","embeddable":true,"href":"https:\/\/svetaobitelj.hr\/index.php?rest_route=%2Fwp%2Fv2%2Fcategories&post=504"},{"taxonomy":"post_tag","embeddable":true,"href":"https:\/\/svetaobitelj.hr\/index.php?rest_route=%2Fwp%2Fv2%2Ftags&post=504"}],"curies":[{"name":"wp","href":"https:\/\/api.w.org\/{rel}","templated":true}]}}