{"id":490,"date":"2018-10-07T15:07:50","date_gmt":"2018-10-07T14:07:50","guid":{"rendered":"http:\/\/svetaobitelj.hr\/?p=490"},"modified":"2020-01-29T21:58:41","modified_gmt":"2020-01-29T20:58:41","slug":"zupne-obavijesti-27-nedjelja-kroz-godinu","status":"publish","type":"post","link":"https:\/\/svetaobitelj.hr\/?p=490","title":{"rendered":"\u017dupne obavijesti: 27.nedjelja kroz godinu"},"content":{"rendered":"<p>27. NEDJELJA KROZ GODINU<\/p>\n<p>7. listopada 2018.<\/p>\n<p>1.\tDanas slavimo dvadeset i sedmu nedjelju kroz godinu. Prva je nedjelja u mjesecu kada se svojim molitvama i nov\u010danim prilozima sje\u0107amo na\u0161ih odgojnih ustanova \u2013 sjemeni\u0161ta i molimo za duhovna zvanja. Susret Mjesnoga bratstva OFS-a je u 16:30 sati.<\/p>\n<p>2.\tSutra je sveta misa za Domovinu u 18:30 sati. Biblijski sat je nakon ve\u010dernje svete mise.<\/p>\n<p>3.\tU utorak je u 18:15 pobo\u017enost na \u010dast bl. Mariji Petkovi\u0107. <\/p>\n<p>4.\tProslava 10. obljetnice utemeljenja \u0110akova\u010dko-osje\u010dke crkvene pokrajine  bit \u0107e u na\u0161oj katedrali u \u0110akovu u \u010detvrtak koju \u0107e predslaviti nadbiskup mons. Paul Richard Gallagher, tajnik za odnose s dr\u017eavama, iz Dr\u017eavnoga tajni\u0161tva Svete Stolice. Taj dan, odlukom na\u0161ega nadbiskupa, ne\u0107e biti ve\u010dernjih svetih misa u \u010ditavoj nadbiskupiji, a misna nakana koja je primljena u na\u0161oj \u017eupi za ve\u010dernju svetu misu tog \u010detvrtka bit \u0107e odslu\u017eena na slavlju u \u0110akovu. Polazak autobusom za one koji su se prijavili bit \u0107e u 15:30 sati.<\/p>\n<p>5.\tU subotu \u0107e u zagreba\u010dkoj katedrali, s po\u010detkom u 10:00 sati, kardinal Josip Bozani\u0107, nadbiskup zagreba\u010dki, trojicu na\u0161e bra\u0107e, fra Ivana Vladi\u0107a iz Karlovca, fra Antu Mandi\u0107a iz Domagovi\u0107a i fra Andrea Matanovi\u0107a iz Zagreba, zarediti za \u0111akone. <\/p>\n<p>6.\tSljede\u0107e nedjelje slavimo dvadeset i osmu nedjelju kroz godinu. Pod svetom misom u 11:00 sati bit \u0107e gost fra Ivica Peri\u0107, misionar iz Ruande. Imat \u0107emo prilike i nov\u010dano pomo\u0107i za njegovo misijsko djelovanje.<\/p>\n<p>7.\tU tijeku je molitvena akcija 40 dana za \u017eivot.<\/p>\n<p>8.\tRaspored \u017eupnih kateheza:<br \/>\n     1. razredi osnovnih \u0161kola 13. listopada u 9:00<br \/>\n     2. razredi O\u0160 Tin Ujevi\u0107 22. listopada u 16:00, a O\u0160 Grigor Vitez u 17:00<br \/>\n     3.a i b O\u0160 Tin Ujevi\u0107 15. listopada u 15:00, 3.c O\u0160 Tin Ujevi\u0107 u 16:00, 3.a<br \/>\n        i b O\u0160 Grigor Vitez u 17:00<br \/>\n     8. razredi O\u0160 Grigor Vitez 10. listopada u 9:00 ili 15:00<br \/>\n     8. razredi O\u0160 Tin Ujevi\u0107 17. listopada u 9:00 ili 15:00<br \/>\n     1. razredi srednjih \u0161kola 18. listopada u 9:00 ili 15:00<br \/>\n     2. razredi srednjih \u0161kola 9. listopada u 9:00 ili 15:00<br \/>\nOvi termini su samo za prve susrete, a na tim susretima bit \u0107e dogovoren detaljni raspored.<\/p>\n<p>9.\tKupujte i \u010ditajte vjerski tisak.<\/p>\n","protected":false},"excerpt":{"rendered":"<p>27. NEDJELJA KROZ GODINU 7. listopada 2018. 1. Danas slavimo dvadeset i sedmu nedjelju kroz godinu. Prva je nedjelja u mjesecu kada se svojim molitvama i nov\u010danim prilozima sje\u0107amo na\u0161ih odgojnih ustanova \u2013 sjemeni\u0161ta i molimo za duhovna zvanja. Susret Mjesnoga bratstva OFS-a je u 16:30 sati. 2. Sutra je sveta misa za Domovinu u <a href=\"https:\/\/svetaobitelj.hr\/?p=490\" class=\"more-link\">[&hellip;]<\/a><\/p>\n","protected":false},"author":2,"featured_media":0,"comment_status":"closed","ping_status":"closed","sticky":false,"template":"","format":"standard","meta":{"footnotes":""},"categories":[3],"tags":[],"class_list":["entry","author-","post-490","post","type-post","status-publish","format-standard","category-zupa"],"_links":{"self":[{"href":"https:\/\/svetaobitelj.hr\/index.php?rest_route=\/wp\/v2\/posts\/490","targetHints":{"allow":["GET"]}}],"collection":[{"href":"https:\/\/svetaobitelj.hr\/index.php?rest_route=\/wp\/v2\/posts"}],"about":[{"href":"https:\/\/svetaobitelj.hr\/index.php?rest_route=\/wp\/v2\/types\/post"}],"author":[{"embeddable":true,"href":"https:\/\/svetaobitelj.hr\/index.php?rest_route=\/wp\/v2\/users\/2"}],"replies":[{"embeddable":true,"href":"https:\/\/svetaobitelj.hr\/index.php?rest_route=%2Fwp%2Fv2%2Fcomments&post=490"}],"version-history":[{"count":1,"href":"https:\/\/svetaobitelj.hr\/index.php?rest_route=\/wp\/v2\/posts\/490\/revisions"}],"predecessor-version":[{"id":491,"href":"https:\/\/svetaobitelj.hr\/index.php?rest_route=\/wp\/v2\/posts\/490\/revisions\/491"}],"wp:attachment":[{"href":"https:\/\/svetaobitelj.hr\/index.php?rest_route=%2Fwp%2Fv2%2Fmedia&parent=490"}],"wp:term":[{"taxonomy":"category","embeddable":true,"href":"https:\/\/svetaobitelj.hr\/index.php?rest_route=%2Fwp%2Fv2%2Fcategories&post=490"},{"taxonomy":"post_tag","embeddable":true,"href":"https:\/\/svetaobitelj.hr\/index.php?rest_route=%2Fwp%2Fv2%2Ftags&post=490"}],"curies":[{"name":"wp","href":"https:\/\/api.w.org\/{rel}","templated":true}]}}