{"id":484,"date":"2018-09-29T16:33:30","date_gmt":"2018-09-29T15:33:30","guid":{"rendered":"http:\/\/svetaobitelj.hr\/?p=484"},"modified":"2020-01-29T21:58:51","modified_gmt":"2020-01-29T20:58:51","slug":"zupne-obavijesti-26-nedjelja-kroz-godinu","status":"publish","type":"post","link":"https:\/\/svetaobitelj.hr\/?p=484","title":{"rendered":"\u017dupne obavijesti: 26. nedjelja kroz godinu"},"content":{"rendered":"<p>26. NEDJELJA KROZ GODINU<\/p>\n<p>30. rujna 2018.<\/p>\n<p>1.\tDanas slavimo dvadeset i \u0161estu nedjelju kroz godinu. <\/p>\n<p>2.\tSutra je biblijski sat nakon ve\u010dernje svete mise.<\/p>\n<p>3.\tOvogodi\u0161nji katekumenat (priprava odraslih i punoljetnih osoba za primanje sakramenata kr\u0161\u0107anske inicijacije) zapo\u010dinje u utorak,  2. listopada, u 19:00 sati u vjeronau\u010dnoj dvorani \u017eupe sv. Mihaela u Osijeku.<\/p>\n<p>4.\tU srijedu je u na\u0161oj \u017eupnoj crkvi pod ve\u010dernjom svetom misom Obred preminu\u0107a sv. Franje Asi\u0161koga.<\/p>\n<p>5.\tU \u010detvrtak slavimo sv. Franju Asi\u0161koga, utemeljitelja na\u0161ih franjeva\u010dkih redova. Svete mise su u na\u0161oj \u017eupnoj crkvi 7:30 i 18:30 sati.<\/p>\n<p>6.\tOvaj tjedan su prvi petak i subota u mjesecu. U petak je pobo\u017enost na \u010dast Srcu Isusovom u 18:00 sati, a u subotu je nakon ve\u010dernje svete mise klanjanje pred Presvetim kada molimo za duhovna zvanja.<\/p>\n<p>7.\tSljede\u0107e nedjelje slavimo dvadeset i sedmu nedjelju kroz godinu. Prva je nedjelja u mjesecu kada se svojim molitvama i nov\u010danim prilozima sje\u0107amo na\u0161ih odgojnih ustanova \u2013 sjemeni\u0161ta i molimo za duhovna zvanja. Pod jutarnjom svetom misom molimo za dobro\u010dinitelje ove na\u0161e crkve i samostana. Susret Mjesnoga bratstva OFS-a je u 16:30 sati.<\/p>\n<p>8.\tProslava 10. obljetnice utemeljenja \u0110akova\u010dko-osje\u010dke crkvene pokrajine  bit \u0107e u na\u0161oj katedrali u \u0110akovu, 11. listopada ove godine pod svetom misom u 17:30 sati koju \u0107e predslaviti nadbiskup mons. Paul Richard Gallagher, tajnik za odnose s dr\u017eavama, iz Dr\u017eavnoga tajni\u0161tva Svete Stolice. Taj dan, odlukom na\u0161ega nadbiskupa, ne\u0107e biti ve\u010dernjih svetih misa u \u010ditavoj nadbiskupiji, a misna nakana koja je primljena u na\u0161oj \u017eupi za ve\u010dernju svetu misu tog \u010detvrtka bit \u0107e odslu\u017eena na slavlju u \u0110akovu.<\/p>\n<p>9.\tU tijeku je molitvena akcija 40 dana za \u017eivot.<\/p>\n<p>10.\tPro\u0161li tjedan bila je prijava djece i mladih za \u017eupne kateheze kao i susret s roditeljima. Sljede\u0107e nedjelje bit \u0107ete obavije\u0161teni o rasporedu kateheza u na\u0161oj \u017eupi.<\/p>\n<p>11.\tKupujte i \u010ditajte vjerski tisak.<\/p>\n","protected":false},"excerpt":{"rendered":"<p>26. NEDJELJA KROZ GODINU 30. rujna 2018. 1. Danas slavimo dvadeset i \u0161estu nedjelju kroz godinu. 2. Sutra je biblijski sat nakon ve\u010dernje svete mise. 3. Ovogodi\u0161nji katekumenat (priprava odraslih i punoljetnih osoba za primanje sakramenata kr\u0161\u0107anske inicijacije) zapo\u010dinje u utorak, 2. listopada, u 19:00 sati u vjeronau\u010dnoj dvorani \u017eupe sv. Mihaela u Osijeku. 4. <a href=\"https:\/\/svetaobitelj.hr\/?p=484\" class=\"more-link\">[&hellip;]<\/a><\/p>\n","protected":false},"author":2,"featured_media":0,"comment_status":"closed","ping_status":"closed","sticky":false,"template":"","format":"standard","meta":{"footnotes":""},"categories":[3],"tags":[],"class_list":["entry","author-","post-484","post","type-post","status-publish","format-standard","category-zupa"],"_links":{"self":[{"href":"https:\/\/svetaobitelj.hr\/index.php?rest_route=\/wp\/v2\/posts\/484","targetHints":{"allow":["GET"]}}],"collection":[{"href":"https:\/\/svetaobitelj.hr\/index.php?rest_route=\/wp\/v2\/posts"}],"about":[{"href":"https:\/\/svetaobitelj.hr\/index.php?rest_route=\/wp\/v2\/types\/post"}],"author":[{"embeddable":true,"href":"https:\/\/svetaobitelj.hr\/index.php?rest_route=\/wp\/v2\/users\/2"}],"replies":[{"embeddable":true,"href":"https:\/\/svetaobitelj.hr\/index.php?rest_route=%2Fwp%2Fv2%2Fcomments&post=484"}],"version-history":[{"count":1,"href":"https:\/\/svetaobitelj.hr\/index.php?rest_route=\/wp\/v2\/posts\/484\/revisions"}],"predecessor-version":[{"id":485,"href":"https:\/\/svetaobitelj.hr\/index.php?rest_route=\/wp\/v2\/posts\/484\/revisions\/485"}],"wp:attachment":[{"href":"https:\/\/svetaobitelj.hr\/index.php?rest_route=%2Fwp%2Fv2%2Fmedia&parent=484"}],"wp:term":[{"taxonomy":"category","embeddable":true,"href":"https:\/\/svetaobitelj.hr\/index.php?rest_route=%2Fwp%2Fv2%2Fcategories&post=484"},{"taxonomy":"post_tag","embeddable":true,"href":"https:\/\/svetaobitelj.hr\/index.php?rest_route=%2Fwp%2Fv2%2Ftags&post=484"}],"curies":[{"name":"wp","href":"https:\/\/api.w.org\/{rel}","templated":true}]}}