{"id":479,"date":"2018-09-16T18:43:04","date_gmt":"2018-09-16T17:43:04","guid":{"rendered":"http:\/\/svetaobitelj.hr\/?p=479"},"modified":"2020-01-29T21:58:51","modified_gmt":"2020-01-29T20:58:51","slug":"zupne-obavijesti-24-nedjelja-kroz-godinu","status":"publish","type":"post","link":"https:\/\/svetaobitelj.hr\/?p=479","title":{"rendered":"\u017dupne obavijesti: 24. nedjelja kroz godinu"},"content":{"rendered":"<p>24. NEDJELJA KROZ GODINU<\/p>\n<p>16. rujna 2018.<\/p>\n<p>1.\tDanas slavimo dvadeset i \u010detvrtu nedjelju kroz godinu. Nakon svetih misa skupljamo nov\u010dane priloge za Nadbiskupijsku zakladu \u201eDr. Nikola Dogan\u201c koja stipendijama brine za pomo\u0107 siroma\u0161nijim u\u010denicima i studentima.  Sutra je biblijski sat nakon ve\u010dernje svete mise. U srijedu je u 19:30 sati redoviti sastanak \u017eupnih vije\u0107a. Nakon ve\u010dernje svete mise  susret imaju \u010dlanovi Vojske Bezgre\u0161ne. U \u010detvrtak je klanjanje pred Presvetim nakon ve\u010dernje svete mise. Petkom su nakon ve\u010dernje svete mise probe pjevanja na\u0161ega crkvenog mje\u0161ovitog zbora, a susreti Frame su u 20:00 sati. Subotom je proba pjevanja djece u 10 sati, a sastanak ministranata u 11 sati. <\/p>\n<p>2.\tSljede\u0107e nedjelje slavimo dvadeset i petu nedjelju kroz godinu. U franjeva\u010dkoj crkvi u Tvr\u0111i, fra Ilija Vrdoljak, na\u0161 provincijalni ministar, predvodit \u0107e svetu misu u 9:00 sati povodom 80. obljetnice povratka franjevaca u sada\u0161nji samostan uz svoju crkvu. <\/p>\n<p>3.\tU \u017eupnom uredu u uredovno vrijeme primamo misne nakane za sljede\u0107u godinu.<\/p>\n<p>4.\tPrijave za one koji \u017eele primiti sakramente pomirenja, pri\u010desti i potvrde (u\u010denici 3. razreda osnovne i 2. razreda srednje \u0161kole koji su ve\u0107 imali dvije pripravne godine kateheze) bit \u0107e 24. i  25. rujna ove godine od 9 &#8211; 11 i od 16 &#8211; 18 sati. Prijava 8. razreda i 1. razreda srednjih \u0161kola bit \u0107e 26. rujna od 9-11 i od 16-18 sati. Obvezno prilikom prijave donijeti \u017eupnu obiteljsku knji\u017eicu. Susret za sve roditelje djece koja \u0107e i\u0107i na \u017eupne kateheze (od 1. razreda osnovne \u0161kole do 2. razreda srednje \u0161kole) bit \u0107e u srijedu, 26. rujna ove godine, koji zapo\u010dinje svetom misom u 18:30 sati, a nastavak je nakon mise. Molimo sve vas koji jo\u0161 nemate \u017eupnu knji\u017eicu ili je potrebno upisati promjene u postoje\u0107e, da se javite u \u017eupni ured.<\/p>\n<p>5.\tOvogodi\u0161nji katekumenat (priprava odraslih i punoljetnih osoba za primanje sakramenata kr\u0161\u0107anske inicijacije) zapo\u010dinje 2. listopada u 19:00 sati u vjeronau\u010dnoj dvorani \u017eupe sv. Mihaela u Osijeku. Nije se potrebno unaprijed prijavljivati, nego je dovoljno do\u0107i na prvi susret kada \u0107e biti i upis.<\/p>\n<p>6.\tProslava 10. obljetnice utemeljenja \u0110akova\u010dko-osje\u010dke crkvene pokrajine  bit \u0107e u na\u0161oj katedrali u \u0110akovu, 11. listopada ove godine pod svetom misom u 17:30 sati koju \u0107e predslaviti nadbiskup mons. Paul Richard Gallagher, tajnik za odnose s dr\u017eavama, iz Dr\u017eavnoga tajni\u0161tva Svete Stolice. Svi smo pozvani na ovo hodo\u010dasni\u010dko slavlje pod geslom U krilu Crkve sveop\u0107e. Organizirat \u0107emo odlazak iz na\u0161e \u017eupe autobusom. Prijave su u \u017eupnom uredu do kraja rujna, cijena je 35 kn, a polazak \u0107e biti u 15:30 sati. Taj dan, odlukom na\u0161ega nadbiskupa, ne\u0107e biti ve\u010dernjih svetih misa u \u010ditavoj nadbiskupiji, a misna nakana koja je primljena u na\u0161oj \u017eupi za ve\u010dernju svetu misu tog \u010detvrtka bit \u0107e odslu\u017eena na slavlju u \u0110akovu.<\/p>\n<p>7.\tKupujte i \u010ditajte vjerski tisak.<\/p>\n","protected":false},"excerpt":{"rendered":"<p>24. NEDJELJA KROZ GODINU 16. rujna 2018. 1. Danas slavimo dvadeset i \u010detvrtu nedjelju kroz godinu. Nakon svetih misa skupljamo nov\u010dane priloge za Nadbiskupijsku zakladu \u201eDr. Nikola Dogan\u201c koja stipendijama brine za pomo\u0107 siroma\u0161nijim u\u010denicima i studentima. Sutra je biblijski sat nakon ve\u010dernje svete mise. U srijedu je u 19:30 sati redoviti sastanak \u017eupnih vije\u0107a. <a href=\"https:\/\/svetaobitelj.hr\/?p=479\" class=\"more-link\">[&hellip;]<\/a><\/p>\n","protected":false},"author":2,"featured_media":0,"comment_status":"closed","ping_status":"closed","sticky":false,"template":"","format":"standard","meta":{"footnotes":""},"categories":[3],"tags":[],"class_list":["entry","author-","post-479","post","type-post","status-publish","format-standard","category-zupa"],"_links":{"self":[{"href":"https:\/\/svetaobitelj.hr\/index.php?rest_route=\/wp\/v2\/posts\/479","targetHints":{"allow":["GET"]}}],"collection":[{"href":"https:\/\/svetaobitelj.hr\/index.php?rest_route=\/wp\/v2\/posts"}],"about":[{"href":"https:\/\/svetaobitelj.hr\/index.php?rest_route=\/wp\/v2\/types\/post"}],"author":[{"embeddable":true,"href":"https:\/\/svetaobitelj.hr\/index.php?rest_route=\/wp\/v2\/users\/2"}],"replies":[{"embeddable":true,"href":"https:\/\/svetaobitelj.hr\/index.php?rest_route=%2Fwp%2Fv2%2Fcomments&post=479"}],"version-history":[{"count":1,"href":"https:\/\/svetaobitelj.hr\/index.php?rest_route=\/wp\/v2\/posts\/479\/revisions"}],"predecessor-version":[{"id":480,"href":"https:\/\/svetaobitelj.hr\/index.php?rest_route=\/wp\/v2\/posts\/479\/revisions\/480"}],"wp:attachment":[{"href":"https:\/\/svetaobitelj.hr\/index.php?rest_route=%2Fwp%2Fv2%2Fmedia&parent=479"}],"wp:term":[{"taxonomy":"category","embeddable":true,"href":"https:\/\/svetaobitelj.hr\/index.php?rest_route=%2Fwp%2Fv2%2Fcategories&post=479"},{"taxonomy":"post_tag","embeddable":true,"href":"https:\/\/svetaobitelj.hr\/index.php?rest_route=%2Fwp%2Fv2%2Ftags&post=479"}],"curies":[{"name":"wp","href":"https:\/\/api.w.org\/{rel}","templated":true}]}}