{"id":468,"date":"2018-09-02T14:17:04","date_gmt":"2018-09-02T13:17:04","guid":{"rendered":"http:\/\/svetaobitelj.hr\/?p=468"},"modified":"2020-01-29T21:58:51","modified_gmt":"2020-01-29T20:58:51","slug":"zupne-obavijesti-22-nedjelja-kroz-godinu","status":"publish","type":"post","link":"https:\/\/svetaobitelj.hr\/?p=468","title":{"rendered":"\u017dupne obavijesti: 22. nedjelja kroz godinu"},"content":{"rendered":"<p>22. NEDJELJA KROZ GODINU<\/p>\n<p>2. rujna 2018.<\/p>\n<p>1.\tDanas slavimo dvadeset i drugu nedjelju kroz godinu. Od ove nedjelje raspored nedjeljnih svetih misa je prema redovitom rasporedu: 7:00; 9:00; 11:00 i 18:30 sati. Ujedno je prva nedjelja u mjesecu kada se svojim molitvama i nov\u010danim prilozima sje\u0107amo na\u0161ih sjemeni\u0161ta te molimo za duhovna zvanja. <\/p>\n<p>2.\tSutra je biblijski sat nakon ve\u010dernje svete mise.<\/p>\n<p>3.\tU subotu slavimo Ro\u0111enje Bla\u017eene Djevice Marije \u2013 Malu Gospu. Svete mise su u 7:30 i 18:30 sati. Na blagdan Ro\u0111enja BDM u crkvi hrvatskih mu\u010denika na Udbini obilje\u017eava se Dan Hrvatskih mu\u010denika. Sve\u010dano misno slavlje bit \u0107e u 10:30 sati kojeg predvodi mons. Mate Uzini\u0107, biskup dubrova\u010dki.<\/p>\n<p>4.\tSljede\u0107e nedjelje slavimo dvadeset i tre\u0107u nedjelju kroz godinu. U svim \u017eupama na\u0161e Nadbiskupije obilje\u017eava se Katehetska nedjelja pa \u0107emo pod svetom misom u 11:00 sati imati Zaziv Duha Svetoga za \u0161kolsku, vjeronau\u010dnu i katehetsku godinu te pozivamo na svetu misu u\u010denike, roditelje i prosvjetne djelatnike. Nakon svetih misa skupljat \u0107emo nov\u010dane priloge za obnovu Ku\u0107e susreta Tabor u Samoboru. Mjese\u010dni susret Mjesnoga bratstva OFS-a bit \u0107e u 16:30 sati, a pobo\u017enost na \u010dast bl. Mariji Petkovi\u0107 u 18:15.<\/p>\n<p>5.\tMolimo sve vas koji jo\u0161 nemate \u017eupnu knji\u017eicu ili je potrebno upisati promjene u postoje\u0107e, da se javite u \u017eupni ured.<\/p>\n<p>6.\tPred nama je nova katehetska godina. Prijave za one koji \u017eele primiti sakramente pomirenja, pri\u010desti i potvrde (u\u010denici 3. razreda osnovne i 2. razreda srednje \u0161kole koji su ve\u0107 imali dvije pripravne godine kateheze) bit \u0107e 24. i  25. rujna ove godine od 9 &#8211; 11 i od 16 &#8211; 18 sati. Prijava 8. razreda i 1. razreda srednjih \u0161kola bit \u0107e 26. rujna od 9-11 i od 16-18 sati. Obvezno prilikom prijave donijeti \u017eupnu obiteljsku knji\u017eicu. Susret za sve roditelje djece koja \u0107e i\u0107i na \u017eupne kateheze (od 1. razreda osnovne \u0161kole do 2. razreda srednje \u0161kole) bit \u0107e u srijedu, 26. rujna ove godine, koji zapo\u010dinje svetom misom u 18:30 sati, a nastavak je nakon mise. <\/p>\n<p>7.\tKatoli\u010dka malonogometna liga na\u0161e Nadbiskupije nastavlja i ove \u0161kolske godine svoja natjecanja i duhovne aktivnosti po\u010detkom listopada. Zainteresirani mladi\u0107i i \u017eupljani neka se jave u \u017eupni ured do 15. rujna ove godine.<\/p>\n<p>8.\tKupujte i \u010ditajte vjerski tisak. <\/p>\n","protected":false},"excerpt":{"rendered":"<p>22. NEDJELJA KROZ GODINU 2. rujna 2018. 1. Danas slavimo dvadeset i drugu nedjelju kroz godinu. Od ove nedjelje raspored nedjeljnih svetih misa je prema redovitom rasporedu: 7:00; 9:00; 11:00 i 18:30 sati. Ujedno je prva nedjelja u mjesecu kada se svojim molitvama i nov\u010danim prilozima sje\u0107amo na\u0161ih sjemeni\u0161ta te molimo za duhovna zvanja. 2. <a href=\"https:\/\/svetaobitelj.hr\/?p=468\" class=\"more-link\">[&hellip;]<\/a><\/p>\n","protected":false},"author":2,"featured_media":0,"comment_status":"closed","ping_status":"closed","sticky":false,"template":"","format":"standard","meta":{"footnotes":""},"categories":[3],"tags":[],"class_list":["entry","author-","post-468","post","type-post","status-publish","format-standard","category-zupa"],"_links":{"self":[{"href":"https:\/\/svetaobitelj.hr\/index.php?rest_route=\/wp\/v2\/posts\/468","targetHints":{"allow":["GET"]}}],"collection":[{"href":"https:\/\/svetaobitelj.hr\/index.php?rest_route=\/wp\/v2\/posts"}],"about":[{"href":"https:\/\/svetaobitelj.hr\/index.php?rest_route=\/wp\/v2\/types\/post"}],"author":[{"embeddable":true,"href":"https:\/\/svetaobitelj.hr\/index.php?rest_route=\/wp\/v2\/users\/2"}],"replies":[{"embeddable":true,"href":"https:\/\/svetaobitelj.hr\/index.php?rest_route=%2Fwp%2Fv2%2Fcomments&post=468"}],"version-history":[{"count":1,"href":"https:\/\/svetaobitelj.hr\/index.php?rest_route=\/wp\/v2\/posts\/468\/revisions"}],"predecessor-version":[{"id":469,"href":"https:\/\/svetaobitelj.hr\/index.php?rest_route=\/wp\/v2\/posts\/468\/revisions\/469"}],"wp:attachment":[{"href":"https:\/\/svetaobitelj.hr\/index.php?rest_route=%2Fwp%2Fv2%2Fmedia&parent=468"}],"wp:term":[{"taxonomy":"category","embeddable":true,"href":"https:\/\/svetaobitelj.hr\/index.php?rest_route=%2Fwp%2Fv2%2Fcategories&post=468"},{"taxonomy":"post_tag","embeddable":true,"href":"https:\/\/svetaobitelj.hr\/index.php?rest_route=%2Fwp%2Fv2%2Ftags&post=468"}],"curies":[{"name":"wp","href":"https:\/\/api.w.org\/{rel}","templated":true}]}}