{"id":466,"date":"2018-09-02T14:15:55","date_gmt":"2018-09-02T13:15:55","guid":{"rendered":"http:\/\/svetaobitelj.hr\/?p=466"},"modified":"2020-01-29T21:58:51","modified_gmt":"2020-01-29T20:58:51","slug":"zupne-obavijesti-21-nedjelja-kroz-godinu","status":"publish","type":"post","link":"https:\/\/svetaobitelj.hr\/?p=466","title":{"rendered":"\u017dupne obavijesti: 21.nedjelja kroz godinu"},"content":{"rendered":"<p>21. NEDJELJA KROZ GODINU<\/p>\n<p>26. kolovoza 2018.<\/p>\n<p>1.\tDanas slavimo dvadeset i prvu nedjelju kroz godinu.<\/p>\n<p>2.\tU petak se slavi Gospa od Suza u Pleternici. Ujedno je to i slavlje 10. obljetnice na\u0161a Metropolije. Sve\u010danu ve\u010dernju Svetu Misu i procesiju s likom Gospe od Suza u 19 sati vodit \u0107e na\u0161 nadbiskup i metropolit mons. \u0110uro Hrani\u0107. Koji \u017eelite i mo\u017eete po\u0111ite i na ovo slavlje.<\/p>\n<p>3.\tU subotu u Zagrebu, na Sigetu, sveta misa u 9:30 sati pod kojom \u0107e na\u0161a bra\u0107a fra Dane Bo\u0161njak iz Na\u0161ica, fra Gabrijel Bo\u0161njak iz Vrpolja, fra Ivica Janji\u0107 iz Bo\u0161njaka, fra David Sedlar iz \u010cakovca i fra Andreo Matanovi\u0107 iz Zagreba dati sve\u010dane zavjete. U na\u0161oj \u017eupnoj crkvi \u0107emo nakon ve\u010dernje svete mise imati klanjanje pred Presvetim kada molimo za duhovna zvanja budu\u0107i da je prva nedjelja u mjesecu.<\/p>\n<p>4.\tOd sljede\u0107e nedjelje, kada slavimo dvadeset i drugu nedjelju kroz godinu, raspored nedjeljnih svetih misa je prema redovitom rasporedu: 7:00; 9:00; 11:00 i 18:30 sati. Ujedno je prva nedjelja u mjesecu kada se svojim molitvama i nov\u010danim prilozima sje\u0107amo na\u0161ih sjemeni\u0161ta te molimo za duhovna zvanja. Pod jutarnjom svetom misom molit \u0107emo za dobro\u010dinitelje ove na\u0161e crkve i samostana.<\/p>\n<p>5.\tPred nama je nova katehetska godina. Prijave za one koji \u017eele primiti sakramente pomirenja, pri\u010desti i potvrde (u\u010denici 3. razreda osnovne i 2. razreda srednje \u0161kole koji su ve\u0107 imali dvije pripravne godine \u017eupne kateheze) bit \u0107e 24. i  25. rujna ove godine od 9 &#8211; 11 i od 16 &#8211; 18 sati. Prijava 8. razreda i 1. razreda srednjih \u0161kola bit \u0107e 26. rujna od 9-11 i od 16-18 sati. Obvezno prilikom prijave donijeti \u017eupnu obiteljsku knji\u017eicu. Susret za sve roditelje djece koja \u0107e i\u0107i na \u017eupne kateheze (od 1. razreda osnovne \u0161kole do 2. razreda srednje \u0161kole) bit \u0107e u srijedu, 26. rujna ove godine, koji zapo\u010dinje svetom misom u 18:30 sati, a nastavak je nakon mise. <\/p>\n<p>6.\tMolimo sve vas koji jo\u0161 nemate \u017eupnu obiteljsku knji\u017eicu ili je potrebno upisati promjene u postoje\u0107e, da se javite u \u017eupni ured.<\/p>\n<p>7.\tKupujte i \u010ditajte vjerski tisak. <\/p>\n","protected":false},"excerpt":{"rendered":"<p>21. NEDJELJA KROZ GODINU 26. kolovoza 2018. 1. Danas slavimo dvadeset i prvu nedjelju kroz godinu. 2. U petak se slavi Gospa od Suza u Pleternici. Ujedno je to i slavlje 10. obljetnice na\u0161a Metropolije. Sve\u010danu ve\u010dernju Svetu Misu i procesiju s likom Gospe od Suza u 19 sati vodit \u0107e na\u0161 nadbiskup i metropolit <a href=\"https:\/\/svetaobitelj.hr\/?p=466\" class=\"more-link\">[&hellip;]<\/a><\/p>\n","protected":false},"author":2,"featured_media":0,"comment_status":"closed","ping_status":"closed","sticky":false,"template":"","format":"standard","meta":{"footnotes":""},"categories":[3],"tags":[],"class_list":["entry","author-","post-466","post","type-post","status-publish","format-standard","category-zupa"],"_links":{"self":[{"href":"https:\/\/svetaobitelj.hr\/index.php?rest_route=\/wp\/v2\/posts\/466","targetHints":{"allow":["GET"]}}],"collection":[{"href":"https:\/\/svetaobitelj.hr\/index.php?rest_route=\/wp\/v2\/posts"}],"about":[{"href":"https:\/\/svetaobitelj.hr\/index.php?rest_route=\/wp\/v2\/types\/post"}],"author":[{"embeddable":true,"href":"https:\/\/svetaobitelj.hr\/index.php?rest_route=\/wp\/v2\/users\/2"}],"replies":[{"embeddable":true,"href":"https:\/\/svetaobitelj.hr\/index.php?rest_route=%2Fwp%2Fv2%2Fcomments&post=466"}],"version-history":[{"count":1,"href":"https:\/\/svetaobitelj.hr\/index.php?rest_route=\/wp\/v2\/posts\/466\/revisions"}],"predecessor-version":[{"id":467,"href":"https:\/\/svetaobitelj.hr\/index.php?rest_route=\/wp\/v2\/posts\/466\/revisions\/467"}],"wp:attachment":[{"href":"https:\/\/svetaobitelj.hr\/index.php?rest_route=%2Fwp%2Fv2%2Fmedia&parent=466"}],"wp:term":[{"taxonomy":"category","embeddable":true,"href":"https:\/\/svetaobitelj.hr\/index.php?rest_route=%2Fwp%2Fv2%2Fcategories&post=466"},{"taxonomy":"post_tag","embeddable":true,"href":"https:\/\/svetaobitelj.hr\/index.php?rest_route=%2Fwp%2Fv2%2Ftags&post=466"}],"curies":[{"name":"wp","href":"https:\/\/api.w.org\/{rel}","templated":true}]}}