{"id":464,"date":"2018-09-02T14:14:26","date_gmt":"2018-09-02T13:14:26","guid":{"rendered":"http:\/\/svetaobitelj.hr\/?p=464"},"modified":"2020-01-29T21:58:52","modified_gmt":"2020-01-29T20:58:52","slug":"zupne-obavijesti-20-nedjelja-kroz-godinu","status":"publish","type":"post","link":"https:\/\/svetaobitelj.hr\/?p=464","title":{"rendered":"\u017dupne obavijesti: 20. nedjelja kroz godinu"},"content":{"rendered":"<p>20. NEDJELJA KROZ GODINU<\/p>\n<p>19. kolovoza 2018.<\/p>\n<p>1.\tDanas slavimo dvadesetu nedjelju kroz godinu kada i zavr\u0161avamo sa skupljanjem nov\u010danih priloga za stradale u nedavnim po\u017earima u Gr\u010dkoj. Tko jo\u0161 nije darovao, a \u017eeli, neka svoj nov\u010dani dar dade nakon svetih misa. <\/p>\n<p>2.\tU srijedu nakon ve\u010dernje mise bit \u0107e redoviti susret Udruge \u201eVojska Bezgre\u0161ne\u201c. <\/p>\n<p>3.\tU subotu \u0107e na Trsatu pod svetom misom u 15:00 sati, na\u0161 fra Ivan Rozi\u0107 zajedno s ostalim ovogodi\u0161njim novacima, dati svoje prve privremene redovni\u010dke zavjete. <\/p>\n<p>4.\tSljede\u0107e nedjelje slavimo dvadeset i prvu nedjelju kroz godinu.<\/p>\n<p>5.\tNadbiskupijska glazbena \u0161kola od listopada ove godine zapo\u010dinje novi dvogodi\u0161nji ciklus predavanja za zainteresirane kandidate za glazbene \u017eupne suradnike. O programu i svrsi ove \u0161kole mo\u017eete pro\u010ditati na mre\u017enoj stranici na\u0161e Nadbiskupije. (www.djos.hr, izbornik Katehetski odsjek, a zatim odaberete klikom Glazbena \u0161kola)<\/p>\n<p>6.\tMolimo sve vas koji jo\u0161 nemate \u017eupnu knji\u017eicu ili je potrebno upisati promjene u postoje\u0107e, da se javite u \u017eupni ured.<\/p>\n<p>7.\tKupujte i \u010ditajte vjerski tisak. <\/p>\n","protected":false},"excerpt":{"rendered":"<p>20. NEDJELJA KROZ GODINU 19. kolovoza 2018. 1. Danas slavimo dvadesetu nedjelju kroz godinu kada i zavr\u0161avamo sa skupljanjem nov\u010danih priloga za stradale u nedavnim po\u017earima u Gr\u010dkoj. Tko jo\u0161 nije darovao, a \u017eeli, neka svoj nov\u010dani dar dade nakon svetih misa. 2. U srijedu nakon ve\u010dernje mise bit \u0107e redoviti susret Udruge \u201eVojska Bezgre\u0161ne\u201c. <a href=\"https:\/\/svetaobitelj.hr\/?p=464\" class=\"more-link\">[&hellip;]<\/a><\/p>\n","protected":false},"author":2,"featured_media":0,"comment_status":"closed","ping_status":"closed","sticky":false,"template":"","format":"standard","meta":{"footnotes":""},"categories":[3],"tags":[],"class_list":["entry","author-","post-464","post","type-post","status-publish","format-standard","category-zupa"],"_links":{"self":[{"href":"https:\/\/svetaobitelj.hr\/index.php?rest_route=\/wp\/v2\/posts\/464","targetHints":{"allow":["GET"]}}],"collection":[{"href":"https:\/\/svetaobitelj.hr\/index.php?rest_route=\/wp\/v2\/posts"}],"about":[{"href":"https:\/\/svetaobitelj.hr\/index.php?rest_route=\/wp\/v2\/types\/post"}],"author":[{"embeddable":true,"href":"https:\/\/svetaobitelj.hr\/index.php?rest_route=\/wp\/v2\/users\/2"}],"replies":[{"embeddable":true,"href":"https:\/\/svetaobitelj.hr\/index.php?rest_route=%2Fwp%2Fv2%2Fcomments&post=464"}],"version-history":[{"count":1,"href":"https:\/\/svetaobitelj.hr\/index.php?rest_route=\/wp\/v2\/posts\/464\/revisions"}],"predecessor-version":[{"id":465,"href":"https:\/\/svetaobitelj.hr\/index.php?rest_route=\/wp\/v2\/posts\/464\/revisions\/465"}],"wp:attachment":[{"href":"https:\/\/svetaobitelj.hr\/index.php?rest_route=%2Fwp%2Fv2%2Fmedia&parent=464"}],"wp:term":[{"taxonomy":"category","embeddable":true,"href":"https:\/\/svetaobitelj.hr\/index.php?rest_route=%2Fwp%2Fv2%2Fcategories&post=464"},{"taxonomy":"post_tag","embeddable":true,"href":"https:\/\/svetaobitelj.hr\/index.php?rest_route=%2Fwp%2Fv2%2Ftags&post=464"}],"curies":[{"name":"wp","href":"https:\/\/api.w.org\/{rel}","templated":true}]}}