{"id":461,"date":"2018-08-12T13:13:16","date_gmt":"2018-08-12T12:13:16","guid":{"rendered":"http:\/\/svetaobitelj.hr\/?p=461"},"modified":"2020-01-29T21:58:52","modified_gmt":"2020-01-29T20:58:52","slug":"zupne-obavijesti-19-nedjelja-kroz-godinu","status":"publish","type":"post","link":"https:\/\/svetaobitelj.hr\/?p=461","title":{"rendered":"\u017dupne obavijesti: 19. nedjelja kroz godinu"},"content":{"rendered":"<p>19. NEDJELJA KROZ GODINU<\/p>\n<p>12. kolovoza 2018.<\/p>\n<p>1.\tDanas slavimo devetnaestu nedjelju kroz godinu. Nakon svetih misa skupljamo nov\u010dane priloge za obnovu Ku\u0107e susreta Tabor u Samoboru. <\/p>\n<p>2.\tPredsjednik Hrvatskoga Caritasa, biskup vara\u017edinski mons. Josip Mrzljak te ravnatelj, mons. Fabijan Svalina uputili su poziv svim \u017eupnim zajednicama u na\u0161oj Domovini za prikupljanje pomo\u0107i za stradale u nedavnim po\u017earima u Gr\u010dkoj. Protekli i ovaj tjedan u na\u0161oj \u017eupi skupljamo nov\u010dane priloge koje mo\u017eete donositi u \u017eupni ured, a zavr\u0161etak skupljanja \u0107e biti sljede\u0107e nedjelje nakon svetih misa, kada slavimo dvadesetu nedjelju kroz godinu. Nadam se da \u0107emo i ovom prilikom pokazati ljubav i solidarnost prema potrebitima.<\/p>\n<p>3.\tU srijedu slavimo zapovijedani blagdan Uznesenja Bla\u017eene Djevice Marije na nebo \u2013 Veliku Gospu. U na\u0161oj \u017eupnoj crkvi svete mise bit \u0107e u 7:00; 9:00 i 18:30 sati. Na\u0161a \u017dupa taj dan hodo\u010dasti Gospi od Uto\u010di\u0161ta u Aljma\u0161. Polazak je u 8:00 sati. Cijena autobusne karte je 35 kuna. Prijave se primaju u \u017eupnom uredu u uredovno vrijeme.<\/p>\n<p>4.\tMolimo sve vas koji jo\u0161 nemate \u017eupnu knji\u017eicu ili je potrebno upisati promjene u postoje\u0107e, da se javite u \u017eupni ured.<\/p>\n<p>5.\tNadbiskupijska glazbena \u0161kola od listopada ove godine zapo\u010dinje novi dvogodi\u0161nji ciklus predavanja za zainteresirane kandidate za glazbene \u017eupne suradnike. O programu i svrsi ove \u0161kole mo\u017eete pro\u010ditati na mre\u017enoj stranici na\u0161e Nadbiskupije. (www.djos.hr, izbornik Katehetski odsjek, a zatim odaberete klikom Glazbena \u0161kola)<\/p>\n<p>6.\tKupujte i \u010ditajte vjerski tisak. <\/p>\n","protected":false},"excerpt":{"rendered":"<p>19. NEDJELJA KROZ GODINU 12. kolovoza 2018. 1. Danas slavimo devetnaestu nedjelju kroz godinu. Nakon svetih misa skupljamo nov\u010dane priloge za obnovu Ku\u0107e susreta Tabor u Samoboru. 2. Predsjednik Hrvatskoga Caritasa, biskup vara\u017edinski mons. Josip Mrzljak te ravnatelj, mons. Fabijan Svalina uputili su poziv svim \u017eupnim zajednicama u na\u0161oj Domovini za prikupljanje pomo\u0107i za stradale <a href=\"https:\/\/svetaobitelj.hr\/?p=461\" class=\"more-link\">[&hellip;]<\/a><\/p>\n","protected":false},"author":2,"featured_media":0,"comment_status":"closed","ping_status":"closed","sticky":false,"template":"","format":"standard","meta":{"footnotes":""},"categories":[3],"tags":[],"class_list":["entry","author-","post-461","post","type-post","status-publish","format-standard","category-zupa"],"_links":{"self":[{"href":"https:\/\/svetaobitelj.hr\/index.php?rest_route=\/wp\/v2\/posts\/461","targetHints":{"allow":["GET"]}}],"collection":[{"href":"https:\/\/svetaobitelj.hr\/index.php?rest_route=\/wp\/v2\/posts"}],"about":[{"href":"https:\/\/svetaobitelj.hr\/index.php?rest_route=\/wp\/v2\/types\/post"}],"author":[{"embeddable":true,"href":"https:\/\/svetaobitelj.hr\/index.php?rest_route=\/wp\/v2\/users\/2"}],"replies":[{"embeddable":true,"href":"https:\/\/svetaobitelj.hr\/index.php?rest_route=%2Fwp%2Fv2%2Fcomments&post=461"}],"version-history":[{"count":1,"href":"https:\/\/svetaobitelj.hr\/index.php?rest_route=\/wp\/v2\/posts\/461\/revisions"}],"predecessor-version":[{"id":462,"href":"https:\/\/svetaobitelj.hr\/index.php?rest_route=\/wp\/v2\/posts\/461\/revisions\/462"}],"wp:attachment":[{"href":"https:\/\/svetaobitelj.hr\/index.php?rest_route=%2Fwp%2Fv2%2Fmedia&parent=461"}],"wp:term":[{"taxonomy":"category","embeddable":true,"href":"https:\/\/svetaobitelj.hr\/index.php?rest_route=%2Fwp%2Fv2%2Fcategories&post=461"},{"taxonomy":"post_tag","embeddable":true,"href":"https:\/\/svetaobitelj.hr\/index.php?rest_route=%2Fwp%2Fv2%2Ftags&post=461"}],"curies":[{"name":"wp","href":"https:\/\/api.w.org\/{rel}","templated":true}]}}