{"id":458,"date":"2018-08-04T13:26:57","date_gmt":"2018-08-04T12:26:57","guid":{"rendered":"http:\/\/svetaobitelj.hr\/?p=458"},"modified":"2020-01-29T21:58:52","modified_gmt":"2020-01-29T20:58:52","slug":"zupne-obavijesti-18-nedjelja-kroz-godinu","status":"publish","type":"post","link":"https:\/\/svetaobitelj.hr\/?p=458","title":{"rendered":"\u017dupne obavijesti: 18. nedjelja kroz godinu"},"content":{"rendered":"<p>18. NEDJELJA KROZ GODINU<\/p>\n<p>5. kolovoza 2018.<\/p>\n<p>1.\tDanas slavimo osamnaestu nedjelju kroz godinu. Ujedno je prva nedjelja u mjesecu kada se svojim molitvama i nov\u010danim prilozima sje\u0107amo na\u0161ih sjemeni\u0161ta i molimo za duhovna zvanja. Slavimo Dan pobjede i domovinske zahvalnosti i Dan hrvatskih branitelja. Sveta misa za Domovinu bit \u0107e u 18:30 sati.<\/p>\n<p>2.\tSutra slavimo Preobra\u017eenje Gospodnje ili Bo\u017eje lice. Svete mise su u 7:30 i 18:30 sati.<\/p>\n<p>3.\tU \u010detvrtak je pobo\u017enost na \u010dast bl. Mariji Petkovi\u0107 u 18:15 sati.<\/p>\n<p>4.\tSljede\u0107e nedjelje slavimo devetnaestu nedjelju kroz godinu. Nakon svetih misa skupljamo nov\u010dane priloge za obnovu Ku\u0107e susreta Tabor u Samoboru.<\/p>\n<p>5.\tMolimo sve vas koji jo\u0161 nemate \u017eupnu obiteljsku knji\u017eicu ili je potrebno upisati promjene u postoje\u0107e, da se javite u \u017eupni ured.<\/p>\n<p>6.\tOd 1. kolovoza do 10. listopada otvoren je natje\u010daj za dobivanje stipendije Nadbiskupijske zaklade &#8220;Dr. Nikola Dogan&#8221; za pomo\u0107 u\u010denicima i studentima u \u0161kolskoj i akademskoj godini 2018.\/2019. Isto tako, od 1. kolovoza zapo\u010deo je Projekt &#8220;Jedan nov\u010di\u0107 &#8211; zalog za na\u0161u budu\u0107nost&#8221; Zaklade &#8220;Dr. Nikola Dogan&#8221; \u010dime svojim nov\u010danim prilozima poma\u017eemo rad Zaklade za \u0161kolovanje siroma\u0161nim u\u010denicima i studentima. Zainteresirani mogu dodatne informacije dobiti na web stranici www.caritas.djos.hr.<\/p>\n<p>7.\tNadbiskupijska glazbena \u0161kola od listopada ove godine zapo\u010dinje novi dvogodi\u0161nji ciklus predavanja za zainteresirane kandidate za glazbene \u017eupne suradnike. O programu i svrsi ove \u0161kole mo\u017eete pro\u010ditati na mre\u017enoj stranici na\u0161e Nadbiskupije. (www.djos.hr, izbornik Katehetski odsjek, a zatim odaberete klikom Glazbena \u0161kola)<\/p>\n<p>8.\tZa Veliku Gospu na\u0161a \u017dupa hodo\u010dasti Gospi od Uto\u010di\u0161ta u Aljma\u0161. Polazak je u 8:00 sati. Cijena autobusne karte je 35 kuna. Prijave se primaju u \u017eupnom uredu u uredovno vrijeme.<\/p>\n<p>9.\tPredsjednik Hrvatskoga Caritasa, biskup vara\u017edinski mons. Josip Mrzljak te ravnatelj, mons. Fabijan Svalina uputili su poziv svim \u017eupnim zajednicama u na\u0161oj Domovini za prikupljanje pomo\u0107i za stradale u nedavnim po\u017earima u Gr\u010dkoj. Tijekom sljede\u0107a dva tjedna \u0107emo u na\u0161oj \u017eupi skupljati nov\u010dane priloge koje mo\u017eete donositi u \u017eupni ured. Nadam se da \u0107emo i ovom prilikom pokazati ljubav i solidarnost prema potrebitima.<\/p>\n<p>10.\tKupujte i \u010ditajte vjerski tisak. <\/p>\n","protected":false},"excerpt":{"rendered":"<p>18. NEDJELJA KROZ GODINU 5. kolovoza 2018. 1. Danas slavimo osamnaestu nedjelju kroz godinu. Ujedno je prva nedjelja u mjesecu kada se svojim molitvama i nov\u010danim prilozima sje\u0107amo na\u0161ih sjemeni\u0161ta i molimo za duhovna zvanja. Slavimo Dan pobjede i domovinske zahvalnosti i Dan hrvatskih branitelja. Sveta misa za Domovinu bit \u0107e u 18:30 sati. 2. <a href=\"https:\/\/svetaobitelj.hr\/?p=458\" class=\"more-link\">[&hellip;]<\/a><\/p>\n","protected":false},"author":2,"featured_media":0,"comment_status":"closed","ping_status":"closed","sticky":false,"template":"","format":"standard","meta":{"footnotes":""},"categories":[3],"tags":[],"class_list":["entry","author-","post-458","post","type-post","status-publish","format-standard","category-zupa"],"_links":{"self":[{"href":"https:\/\/svetaobitelj.hr\/index.php?rest_route=\/wp\/v2\/posts\/458","targetHints":{"allow":["GET"]}}],"collection":[{"href":"https:\/\/svetaobitelj.hr\/index.php?rest_route=\/wp\/v2\/posts"}],"about":[{"href":"https:\/\/svetaobitelj.hr\/index.php?rest_route=\/wp\/v2\/types\/post"}],"author":[{"embeddable":true,"href":"https:\/\/svetaobitelj.hr\/index.php?rest_route=\/wp\/v2\/users\/2"}],"replies":[{"embeddable":true,"href":"https:\/\/svetaobitelj.hr\/index.php?rest_route=%2Fwp%2Fv2%2Fcomments&post=458"}],"version-history":[{"count":1,"href":"https:\/\/svetaobitelj.hr\/index.php?rest_route=\/wp\/v2\/posts\/458\/revisions"}],"predecessor-version":[{"id":459,"href":"https:\/\/svetaobitelj.hr\/index.php?rest_route=\/wp\/v2\/posts\/458\/revisions\/459"}],"wp:attachment":[{"href":"https:\/\/svetaobitelj.hr\/index.php?rest_route=%2Fwp%2Fv2%2Fmedia&parent=458"}],"wp:term":[{"taxonomy":"category","embeddable":true,"href":"https:\/\/svetaobitelj.hr\/index.php?rest_route=%2Fwp%2Fv2%2Fcategories&post=458"},{"taxonomy":"post_tag","embeddable":true,"href":"https:\/\/svetaobitelj.hr\/index.php?rest_route=%2Fwp%2Fv2%2Ftags&post=458"}],"curies":[{"name":"wp","href":"https:\/\/api.w.org\/{rel}","templated":true}]}}