{"id":452,"date":"2018-07-27T08:17:06","date_gmt":"2018-07-27T07:17:06","guid":{"rendered":"http:\/\/svetaobitelj.hr\/?p=452"},"modified":"2020-01-29T21:58:52","modified_gmt":"2020-01-29T20:58:52","slug":"zupne-obavijesti-17-nedjelja-kroz-godinu","status":"publish","type":"post","link":"https:\/\/svetaobitelj.hr\/?p=452","title":{"rendered":"\u017dupne obavijesti: 17. nedjelja kroz godinu"},"content":{"rendered":"<p>17. NEDJELJA KROZ GODINU<br \/>\n29. srpnja 2018.<\/p>\n<p>1.\tDanas slavimo sedamnaestu nedjelju kroz godinu.<\/p>\n<p>2.\tU \u010detvrtak, 2. kolovoza, slavimo Porcijunkulu \u2013 Gospu od An\u0111ela. Uz taj blagdan mo\u017eemo izmoliti porcijunkulski potpuni oprost od vremenite kazne za na\u0161e grijehe uz odre\u0111ene uvjete: pohoditi crkvu, izmoliti O\u010de na\u0161 i Vjerovanje, pristupiti sakramentu pomirenja, pri\u010destiti se i moliti na nakanu Svetoga Oca. Oprost se mo\u017ee dobiti samo jedanput na dan u svim franjeva\u010dkim i \u017eupnim crkvama. U na\u0161oj crkvi svete mise su u 7:30 i 18:30 sati.<\/p>\n<p>3.\tU subotu je nakon ve\u010dernje svete mise klanjanje pred Presvetim kada molimo za duhovna zvanja budu\u0107i da je prva subota u mjesecu.<\/p>\n<p>4.\tSljede\u0107e nedjelje slavimo osamnaestu nedjelju kroz godinu, a ujedno je prva nedjelja u mjesecu kada se svojim molitvama i nov\u010danim prilozima sje\u0107amo na\u0161ih sjemeni\u0161ta i molimo za duhovna zvanja. Pod jutarnjom svetom misom molit \u0107emo za dobro\u010dinitelje ove na\u0161e crkve i samostana. Slavimo Dan pobjede i domovinske zahvalnosti i Dan hrvatskih branitelja. Sveta misa za Domovinu bit \u0107e u 18:30 sati.<\/p>\n<p>5.\tMolimo sve vas koji jo\u0161 nemate \u017eupnu knji\u017eicu ili je potrebno upisati promjene u postoje\u0107e, da se javite u \u017eupni ured.<\/p>\n<p>6.\tOd 1. kolovoza do 10. listopada bit \u0107e otvoren natje\u010daj za dobivanje stipendije Nadbiskupijske zaklade &#8220;Dr. Nikola Dogan&#8221; za pomo\u0107 u\u010denicima i studentima u \u0161kolskoj i akademskoj godini 2018.\/2019. Isto tako, od 1. kolovoza zapo\u010dinje Projekt &#8220;Jedan nov\u010di\u0107 &#8211; zalog za na\u0161u budu\u0107nost&#8221; Zaklade &#8220;Dr. Nikola Dogan&#8221; \u010dime svojim nov\u010danim prilozima poma\u017eemo rad Zaklade za \u0161kolovanje siroma\u0161nim u\u010denicima i studentima. Zainteresirani mogu dodatne informacije dobiti na web stranici www.caritas.djos.hr.<\/p>\n<p>7.\tZa Veliku Gospu na\u0161a \u017dupa hodo\u010dasti Gospi od Uto\u010di\u0161ta u Aljma\u0161. Polazak je u 8:00 sati. Cijena autobusne karte je 35 kuna. Prijave se primaju u \u017eupnom uredu u uredovno vrijeme.<\/p>\n<p>8.\tKupujte i \u010ditajte vjerski tisak. <\/p>\n","protected":false},"excerpt":{"rendered":"<p>17. NEDJELJA KROZ GODINU 29. srpnja 2018. 1. Danas slavimo sedamnaestu nedjelju kroz godinu. 2. U \u010detvrtak, 2. kolovoza, slavimo Porcijunkulu \u2013 Gospu od An\u0111ela. Uz taj blagdan mo\u017eemo izmoliti porcijunkulski potpuni oprost od vremenite kazne za na\u0161e grijehe uz odre\u0111ene uvjete: pohoditi crkvu, izmoliti O\u010de na\u0161 i Vjerovanje, pristupiti sakramentu pomirenja, pri\u010destiti se i <a href=\"https:\/\/svetaobitelj.hr\/?p=452\" class=\"more-link\">[&hellip;]<\/a><\/p>\n","protected":false},"author":2,"featured_media":0,"comment_status":"closed","ping_status":"closed","sticky":false,"template":"","format":"standard","meta":{"footnotes":""},"categories":[3],"tags":[],"class_list":["entry","author-","post-452","post","type-post","status-publish","format-standard","category-zupa"],"_links":{"self":[{"href":"https:\/\/svetaobitelj.hr\/index.php?rest_route=\/wp\/v2\/posts\/452","targetHints":{"allow":["GET"]}}],"collection":[{"href":"https:\/\/svetaobitelj.hr\/index.php?rest_route=\/wp\/v2\/posts"}],"about":[{"href":"https:\/\/svetaobitelj.hr\/index.php?rest_route=\/wp\/v2\/types\/post"}],"author":[{"embeddable":true,"href":"https:\/\/svetaobitelj.hr\/index.php?rest_route=\/wp\/v2\/users\/2"}],"replies":[{"embeddable":true,"href":"https:\/\/svetaobitelj.hr\/index.php?rest_route=%2Fwp%2Fv2%2Fcomments&post=452"}],"version-history":[{"count":1,"href":"https:\/\/svetaobitelj.hr\/index.php?rest_route=\/wp\/v2\/posts\/452\/revisions"}],"predecessor-version":[{"id":453,"href":"https:\/\/svetaobitelj.hr\/index.php?rest_route=\/wp\/v2\/posts\/452\/revisions\/453"}],"wp:attachment":[{"href":"https:\/\/svetaobitelj.hr\/index.php?rest_route=%2Fwp%2Fv2%2Fmedia&parent=452"}],"wp:term":[{"taxonomy":"category","embeddable":true,"href":"https:\/\/svetaobitelj.hr\/index.php?rest_route=%2Fwp%2Fv2%2Fcategories&post=452"},{"taxonomy":"post_tag","embeddable":true,"href":"https:\/\/svetaobitelj.hr\/index.php?rest_route=%2Fwp%2Fv2%2Ftags&post=452"}],"curies":[{"name":"wp","href":"https:\/\/api.w.org\/{rel}","templated":true}]}}