{"id":441,"date":"2018-07-12T16:49:50","date_gmt":"2018-07-12T15:49:50","guid":{"rendered":"http:\/\/svetaobitelj.hr\/?p=441"},"modified":"2020-01-29T21:58:52","modified_gmt":"2020-01-29T20:58:52","slug":"spomendan-bl-marije-petkovic","status":"publish","type":"post","link":"https:\/\/svetaobitelj.hr\/?p=441","title":{"rendered":"Spomendan bl.Marije Petkovi\u0107"},"content":{"rendered":"<p>U ponedjeljak, 9.srpnja 2018., u crkvi Svete Obitelji u Osijeku, svetom misom obilje\u017eena je 52. obljetnica smrti bla\u017eene Marije Propetog Isusa Petkovi\u0107. Predvo\u0111eni fra Dragutinom Bedeni\u010di\u0107em, koji je sve nazo\u010dne pozvao na preispitivanje vlastite savjesti o brizi za druge, na svetoj su misi sudjelovala i djeca Dje\u010djeg vrti\u0107a Marija Petkovi\u0107 iz Osijeka, koja su svojim an\u0111eoskim glasovima dirnula svako srce i pozvala nas da sve \u0161to \u010dinimo, \u010dinimo s ljubavlju, kao \u0161to su propete Isusove ruke \u010dinile sve u ljubavi i po\u017ertvovnosti i probodene Isusove noge kora\u010dale putem poslu\u0161nosti i putem Bo\u017ejih zapovijedi. Neka bude na\u0161 zakon i najsla\u0111a okrjepa i neka iz Njega crpimo snagu u svim svojim bolima i neda\u0107ama. Po uzoru na bla\u017eenu Mariju Propetog Isusa Petkovi\u0107, koja je svojom ponizno\u0161\u0107u uzdizala druge, djeca su izvela kratki igrokaz o njezinom \u017eivotu, kada je \u0161iroke ruke dijelila sve \u0161to je imala, a drugima je nedostajalo: hranila gladne, obla\u010dila gole, uveseljavala tu\u017ene, lije\u010dila bolesne. Njezin je lik zvijezda vodilja svim \u017eupljanima koji svakog 9. u mjesecu zazivaju njezinu pomo\u0107, te im zbog toga ovim putem zahvaljujemo. Nakon svete mise uslijedilo je zajedni\u010dko dru\u017eenje \u017eupljana, te djece i njihovih obitelji.<\/p>\n<p>Odgojiteljica Ana Krmpoti\u0107<\/p>\n<p><img loading=\"lazy\" decoding=\"async\" class=\"size-medium wp-image-443 aligncenter\" src=\"http:\/\/svetaobitelj.hr\/wp-content\/uploads\/2018\/07\/slika-1-300x300.jpg\" alt=\"\" width=\"300\" height=\"300\" \/><\/p>\n","protected":false},"excerpt":{"rendered":"<p>U ponedjeljak, 9.srpnja 2018., u crkvi Svete Obitelji u Osijeku, svetom misom obilje\u017eena je 52. obljetnica smrti bla\u017eene Marije Propetog Isusa Petkovi\u0107. Predvo\u0111eni fra Dragutinom Bedeni\u010di\u0107em, koji je sve nazo\u010dne pozvao na preispitivanje vlastite savjesti o brizi za druge, na svetoj su misi sudjelovala i djeca Dje\u010djeg vrti\u0107a Marija Petkovi\u0107 iz Osijeka, koja su svojim <a href=\"https:\/\/svetaobitelj.hr\/?p=441\" class=\"more-link\">[&hellip;]<\/a><\/p>\n","protected":false},"author":2,"featured_media":0,"comment_status":"closed","ping_status":"closed","sticky":false,"template":"","format":"standard","meta":{"footnotes":""},"categories":[3],"tags":[],"class_list":["entry","author-","post-441","post","type-post","status-publish","format-standard","category-zupa"],"_links":{"self":[{"href":"https:\/\/svetaobitelj.hr\/index.php?rest_route=\/wp\/v2\/posts\/441","targetHints":{"allow":["GET"]}}],"collection":[{"href":"https:\/\/svetaobitelj.hr\/index.php?rest_route=\/wp\/v2\/posts"}],"about":[{"href":"https:\/\/svetaobitelj.hr\/index.php?rest_route=\/wp\/v2\/types\/post"}],"author":[{"embeddable":true,"href":"https:\/\/svetaobitelj.hr\/index.php?rest_route=\/wp\/v2\/users\/2"}],"replies":[{"embeddable":true,"href":"https:\/\/svetaobitelj.hr\/index.php?rest_route=%2Fwp%2Fv2%2Fcomments&post=441"}],"version-history":[{"count":3,"href":"https:\/\/svetaobitelj.hr\/index.php?rest_route=\/wp\/v2\/posts\/441\/revisions"}],"predecessor-version":[{"id":446,"href":"https:\/\/svetaobitelj.hr\/index.php?rest_route=\/wp\/v2\/posts\/441\/revisions\/446"}],"wp:attachment":[{"href":"https:\/\/svetaobitelj.hr\/index.php?rest_route=%2Fwp%2Fv2%2Fmedia&parent=441"}],"wp:term":[{"taxonomy":"category","embeddable":true,"href":"https:\/\/svetaobitelj.hr\/index.php?rest_route=%2Fwp%2Fv2%2Fcategories&post=441"},{"taxonomy":"post_tag","embeddable":true,"href":"https:\/\/svetaobitelj.hr\/index.php?rest_route=%2Fwp%2Fv2%2Ftags&post=441"}],"curies":[{"name":"wp","href":"https:\/\/api.w.org\/{rel}","templated":true}]}}