{"id":437,"date":"2018-07-08T18:42:03","date_gmt":"2018-07-08T17:42:03","guid":{"rendered":"http:\/\/svetaobitelj.hr\/?p=437"},"modified":"2020-01-29T21:58:52","modified_gmt":"2020-01-29T20:58:52","slug":"zupne-obavijesti-14-nedjelja-kroz-godinu","status":"publish","type":"post","link":"https:\/\/svetaobitelj.hr\/?p=437","title":{"rendered":"\u017dupne obavijesti: 14. nedjelja kroz godinu"},"content":{"rendered":"<p>14. NEDJELJA KROZ GODINU<\/p>\n<p>8. srpnja 2018.<\/p>\n<p>1. Danas slavimo \u010detrnaestu nedjelju kroz godinu. Nakon svetih misa prikupljamo nov\u010dane priloge za obnovu Ku\u0107e susreta Tabor u Samoboru.<\/p>\n<p>2. Sutra slavimo spomendan bl. Marije Petkovi\u0107, utemeljiteljice Dru\u017ebe K\u0107eri Milosr\u0111a koje djeluju i u na\u0161oj \u017eupi. Sve\u010danije \u0107emo proslaviti na\u0161u bla\u017eenicu pod ve\u010dernjom svetom misom kada \u0107e sudjelovati i djeca iz vrti\u0107a kojeg vode \u010dasne sestre. Pobo\u017enost na \u010dast bl. Mariji Petkovi\u0107 bit \u0107e u 18:15.<\/p>\n<p>3. U subotu slavimo sv. Franju Solanskoga, za\u0161titnika misija i misionara. Tom prigodom \u0107emo sljede\u0107e nedjelje, kada slavimo petnaestu nedjelju kroz godinu, u organizaciji na\u0161e \u017eupne misijske skupine, nakon svetih misa prikazati kratki film o misiji Kivumu u Ruandi gdje djeluje fra Ivica Peri\u0107 te svojim nov\u010danim prilogom pomo\u0107i na\u0161em hrvatskom misionaru u toj afri\u010dkoj misiji. Fra Ivica je naslijedio u misiji ubijenog fra Vjeku \u0106uri\u0107a.<\/p>\n<p>4. Molimo sve vas koji jo\u0161 nemate \u017eupnu knji\u017eicu ili je potrebno upisati promjene u postoje\u0107e, da se javite u \u017eupni ured.<\/p>\n<p>5. Kupujte i \u010ditajte vjerski tisak.<\/p>\n","protected":false},"excerpt":{"rendered":"<p>14. NEDJELJA KROZ GODINU 8. srpnja 2018. 1. Danas slavimo \u010detrnaestu nedjelju kroz godinu. Nakon svetih misa prikupljamo nov\u010dane priloge za obnovu Ku\u0107e susreta Tabor u Samoboru. 2. Sutra slavimo spomendan bl. Marije Petkovi\u0107, utemeljiteljice Dru\u017ebe K\u0107eri Milosr\u0111a koje djeluju i u na\u0161oj \u017eupi. Sve\u010danije \u0107emo proslaviti na\u0161u bla\u017eenicu pod ve\u010dernjom svetom misom kada \u0107e <a href=\"https:\/\/svetaobitelj.hr\/?p=437\" class=\"more-link\">[&hellip;]<\/a><\/p>\n","protected":false},"author":2,"featured_media":0,"comment_status":"closed","ping_status":"closed","sticky":false,"template":"","format":"standard","meta":{"footnotes":""},"categories":[3],"tags":[],"class_list":["entry","author-","post-437","post","type-post","status-publish","format-standard","category-zupa"],"_links":{"self":[{"href":"https:\/\/svetaobitelj.hr\/index.php?rest_route=\/wp\/v2\/posts\/437","targetHints":{"allow":["GET"]}}],"collection":[{"href":"https:\/\/svetaobitelj.hr\/index.php?rest_route=\/wp\/v2\/posts"}],"about":[{"href":"https:\/\/svetaobitelj.hr\/index.php?rest_route=\/wp\/v2\/types\/post"}],"author":[{"embeddable":true,"href":"https:\/\/svetaobitelj.hr\/index.php?rest_route=\/wp\/v2\/users\/2"}],"replies":[{"embeddable":true,"href":"https:\/\/svetaobitelj.hr\/index.php?rest_route=%2Fwp%2Fv2%2Fcomments&post=437"}],"version-history":[{"count":1,"href":"https:\/\/svetaobitelj.hr\/index.php?rest_route=\/wp\/v2\/posts\/437\/revisions"}],"predecessor-version":[{"id":438,"href":"https:\/\/svetaobitelj.hr\/index.php?rest_route=\/wp\/v2\/posts\/437\/revisions\/438"}],"wp:attachment":[{"href":"https:\/\/svetaobitelj.hr\/index.php?rest_route=%2Fwp%2Fv2%2Fmedia&parent=437"}],"wp:term":[{"taxonomy":"category","embeddable":true,"href":"https:\/\/svetaobitelj.hr\/index.php?rest_route=%2Fwp%2Fv2%2Fcategories&post=437"},{"taxonomy":"post_tag","embeddable":true,"href":"https:\/\/svetaobitelj.hr\/index.php?rest_route=%2Fwp%2Fv2%2Ftags&post=437"}],"curies":[{"name":"wp","href":"https:\/\/api.w.org\/{rel}","templated":true}]}}