{"id":431,"date":"2018-06-30T08:27:45","date_gmt":"2018-06-30T07:27:45","guid":{"rendered":"http:\/\/svetaobitelj.hr\/?p=431"},"modified":"2020-01-29T21:58:52","modified_gmt":"2020-01-29T20:58:52","slug":"zupne-obavijesti-13-nedjelja-kroz-godinu","status":"publish","type":"post","link":"https:\/\/svetaobitelj.hr\/?p=431","title":{"rendered":"\u017dupne obavijesti: 13.nedjelja kroz godinu"},"content":{"rendered":"<p>13. NEDJELJA KROZ GODINU<\/p>\n<p>1. srpnja 2018.<\/p>\n<p>1.\tDanas slavimo trinaestu nedjelju kroz godinu. Ujedno je prva nedjelja u mjesecu kada se svojim molitvama i nov\u010danim prilozima sje\u0107amo na\u0161ih sjemeni\u0161ta i molimo za duhovna zvanja. Izvanredni susret \u010dlanova Mjesnoga bratstva OFS-a bit \u0107e u 16:30 sati. Od danas, u srpnju i kolovozu raspored svetih misa nedjeljom je u 7:00, 10:00 i 18:30 sati. <\/p>\n<p>2.\tU petak slavimo sv. \u0106irila i Metoda, za\u0161titnike na\u0161e Hrvatske franjeva\u010dke provincije sv. \u0106irila i Metoda. Svete mise u na\u0161oj \u017eupnoj crkvi su u 7:30 i 18:30 sati. U na\u0161oj susjednoj \u017eupi sv. \u0106irila i Metoda je crkveni god. <\/p>\n<p>3.\tU subotu je nakon ve\u010dernje svete mise klanjanje pred Presvetim kada molimo za duhovna zvanja, budu\u0107i da je prva subota u mjesecu.<\/p>\n<p>4.\tSljede\u0107e nedjelje slavimo \u010detrnaestu nedjelju kroz godinu. Nakon svetih misa prikupljat \u0107emo nov\u010dane priloge za obnovu Ku\u0107e susreta Tabor u Samoboru.<\/p>\n<p>5.\tMolimo sve vas koji jo\u0161 nemate \u017eupnu knji\u017eicu ili je potrebno upisati promjene u postoje\u0107e, da se javite u \u017eupni ured.<\/p>\n<p>6.\tKupujte i \u010ditajte vjerski tisak. <\/p>\n","protected":false},"excerpt":{"rendered":"<p>13. NEDJELJA KROZ GODINU 1. srpnja 2018. 1. Danas slavimo trinaestu nedjelju kroz godinu. Ujedno je prva nedjelja u mjesecu kada se svojim molitvama i nov\u010danim prilozima sje\u0107amo na\u0161ih sjemeni\u0161ta i molimo za duhovna zvanja. Izvanredni susret \u010dlanova Mjesnoga bratstva OFS-a bit \u0107e u 16:30 sati. Od danas, u srpnju i kolovozu raspored svetih misa <a href=\"https:\/\/svetaobitelj.hr\/?p=431\" class=\"more-link\">[&hellip;]<\/a><\/p>\n","protected":false},"author":2,"featured_media":0,"comment_status":"closed","ping_status":"closed","sticky":false,"template":"","format":"standard","meta":{"footnotes":""},"categories":[3],"tags":[],"class_list":["entry","author-","post-431","post","type-post","status-publish","format-standard","category-zupa"],"_links":{"self":[{"href":"https:\/\/svetaobitelj.hr\/index.php?rest_route=\/wp\/v2\/posts\/431","targetHints":{"allow":["GET"]}}],"collection":[{"href":"https:\/\/svetaobitelj.hr\/index.php?rest_route=\/wp\/v2\/posts"}],"about":[{"href":"https:\/\/svetaobitelj.hr\/index.php?rest_route=\/wp\/v2\/types\/post"}],"author":[{"embeddable":true,"href":"https:\/\/svetaobitelj.hr\/index.php?rest_route=\/wp\/v2\/users\/2"}],"replies":[{"embeddable":true,"href":"https:\/\/svetaobitelj.hr\/index.php?rest_route=%2Fwp%2Fv2%2Fcomments&post=431"}],"version-history":[{"count":1,"href":"https:\/\/svetaobitelj.hr\/index.php?rest_route=\/wp\/v2\/posts\/431\/revisions"}],"predecessor-version":[{"id":432,"href":"https:\/\/svetaobitelj.hr\/index.php?rest_route=\/wp\/v2\/posts\/431\/revisions\/432"}],"wp:attachment":[{"href":"https:\/\/svetaobitelj.hr\/index.php?rest_route=%2Fwp%2Fv2%2Fmedia&parent=431"}],"wp:term":[{"taxonomy":"category","embeddable":true,"href":"https:\/\/svetaobitelj.hr\/index.php?rest_route=%2Fwp%2Fv2%2Fcategories&post=431"},{"taxonomy":"post_tag","embeddable":true,"href":"https:\/\/svetaobitelj.hr\/index.php?rest_route=%2Fwp%2Fv2%2Ftags&post=431"}],"curies":[{"name":"wp","href":"https:\/\/api.w.org\/{rel}","templated":true}]}}