{"id":427,"date":"2018-06-23T13:01:37","date_gmt":"2018-06-23T12:01:37","guid":{"rendered":"http:\/\/svetaobitelj.hr\/?p=427"},"modified":"2020-01-29T21:58:52","modified_gmt":"2020-01-29T20:58:52","slug":"zupne-obavijesti-rodenje-ivana-krstitelja","status":"publish","type":"post","link":"https:\/\/svetaobitelj.hr\/?p=427","title":{"rendered":"\u017dupne obavijesti: Ro\u0111enje Ivana Krstitelja"},"content":{"rendered":"<p>RO\u0110ENJE IVANA KRSTITELJA<\/p>\n<p>24. lipnja 2018<\/p>\n<p>1. Danas slavimo svetkovinu Ro\u0111enja Ivana Krstitelja. Nedjelja je uo\u010di svetkovine sv. Petra i Pavla kada prikupljamo nov\u010dane priloge, tzv. Petrov nov\u010di\u0107, za potrebe Svete Stolice u Rimu.<\/p>\n<p>2. Sutra je Dan dr\u017eavnosti. Sveta misa za Domovinu je u 18:30 sati, a biblijski sat je nakon ve\u010dernje svete mise.<\/p>\n<p>3. U \u010detvrtak je nakon ve\u010dernje svete mise klanjanje pred Presvetim.<\/p>\n<p>4. Sljede\u0107e nedjelje slavimo trinaestu nedjelju kroz godinu. Ujedno je prva nedjelja u mjesecu kada se svojim molitvama i nov\u010danim prilozima sje\u0107amo na\u0161ih sjemeni\u0161ta i molimo za duhovna zvanja. Pod jutarnjom svetom misom molimo za dobro\u010dinitelje ove na\u0161e crkve i samostana. Izvanredni susret \u010dlanova Mjesnoga bratstva Franjeva\u010dkoga svjetovnog reda bit \u0107e u 16:30 sati. Od sljede\u0107e nedjelje u srpnju i kolovozu raspored svetih misa nedjeljom je u 7:00, 10:00 i 18:30 sati.<\/p>\n<p>5. Molimo sve vas koji jo\u0161 nemate \u017eupnu knji\u017eicu ili je potrebno upisati promjene u postoje\u0107e, da se javite u \u017eupni ured.<\/p>\n<p>6. U petak slavimo svetkovinu sv. Petra i Pavla, za\u0161titnike grada Osijeka i istoimene \u017eupe u Osijeku. U na\u0161oj \u017eupi svete mise su u 7:30 i 18:30 sati, a u Konkatedrali su u 6:30, 8:30, 10:00 i sve\u010dana sveta misa u 18:30 koju predslavi mons. Ivan Milovan, pore\u010dki i pulski biskup u miru.<\/p>\n<p>7. Kupujte i \u010ditajte vjerski tisak.<\/p>\n","protected":false},"excerpt":{"rendered":"<p>RO\u0110ENJE IVANA KRSTITELJA 24. lipnja 2018 1. Danas slavimo svetkovinu Ro\u0111enja Ivana Krstitelja. Nedjelja je uo\u010di svetkovine sv. Petra i Pavla kada prikupljamo nov\u010dane priloge, tzv. Petrov nov\u010di\u0107, za potrebe Svete Stolice u Rimu. 2. Sutra je Dan dr\u017eavnosti. Sveta misa za Domovinu je u 18:30 sati, a biblijski sat je nakon ve\u010dernje svete mise. <a href=\"https:\/\/svetaobitelj.hr\/?p=427\" class=\"more-link\">[&hellip;]<\/a><\/p>\n","protected":false},"author":2,"featured_media":0,"comment_status":"closed","ping_status":"closed","sticky":false,"template":"","format":"standard","meta":{"footnotes":""},"categories":[3],"tags":[],"class_list":["entry","author-","post-427","post","type-post","status-publish","format-standard","category-zupa"],"_links":{"self":[{"href":"https:\/\/svetaobitelj.hr\/index.php?rest_route=\/wp\/v2\/posts\/427","targetHints":{"allow":["GET"]}}],"collection":[{"href":"https:\/\/svetaobitelj.hr\/index.php?rest_route=\/wp\/v2\/posts"}],"about":[{"href":"https:\/\/svetaobitelj.hr\/index.php?rest_route=\/wp\/v2\/types\/post"}],"author":[{"embeddable":true,"href":"https:\/\/svetaobitelj.hr\/index.php?rest_route=\/wp\/v2\/users\/2"}],"replies":[{"embeddable":true,"href":"https:\/\/svetaobitelj.hr\/index.php?rest_route=%2Fwp%2Fv2%2Fcomments&post=427"}],"version-history":[{"count":2,"href":"https:\/\/svetaobitelj.hr\/index.php?rest_route=\/wp\/v2\/posts\/427\/revisions"}],"predecessor-version":[{"id":429,"href":"https:\/\/svetaobitelj.hr\/index.php?rest_route=\/wp\/v2\/posts\/427\/revisions\/429"}],"wp:attachment":[{"href":"https:\/\/svetaobitelj.hr\/index.php?rest_route=%2Fwp%2Fv2%2Fmedia&parent=427"}],"wp:term":[{"taxonomy":"category","embeddable":true,"href":"https:\/\/svetaobitelj.hr\/index.php?rest_route=%2Fwp%2Fv2%2Fcategories&post=427"},{"taxonomy":"post_tag","embeddable":true,"href":"https:\/\/svetaobitelj.hr\/index.php?rest_route=%2Fwp%2Fv2%2Ftags&post=427"}],"curies":[{"name":"wp","href":"https:\/\/api.w.org\/{rel}","templated":true}]}}