{"id":4253,"date":"2026-09-05T16:11:38","date_gmt":"2026-09-05T15:11:38","guid":{"rendered":"http:\/\/svetaobitelj.hr\/?p=4253"},"modified":"2026-09-05T16:11:39","modified_gmt":"2026-09-05T15:11:39","slug":"zupne-obavijesti-23-nedjelja-kroz-godinu-7","status":"publish","type":"post","link":"https:\/\/svetaobitelj.hr\/?p=4253","title":{"rendered":"\u017dupne obavijesti: 23. nedjelja kroz godinu"},"content":{"rendered":"\n<p><strong>Kroz ovaj tjedan slavimo:<\/strong><br>Ponedjeljak, 7. 9. \u2013 <strong>Sv. Marko Kri\u017eev\u010danin<\/strong><br>Utorak, 8. 9. \u2013 <strong>Ro\u0111enje B D Marije \u2013 Mala Gospa<\/strong> &#8211; Svete mise su u 7:30 i 18:30 sati.<br>Srijeda, 9. 9. \u2013 sv. Petar Claver<br>\u010cetvrtak, 10. 9. \u2013 sv. Pulherija<br>Petak, 11. 9. \u2013 sv. Bonaventura iz Barcelone<br>Subota, 12. 9. \u2013 <strong>Presveto Ime Bla\u017eene Djevice Marije<\/strong><\/p>\n\n\n\n<p><strong>Peti nacionalni susret hrvatskih katoli\u010dkih obitelji<\/strong><br>Peti nacionalni susret hrvatskih katoli\u010dkih obitelji odr\u017eat \u0107e se 19. i 20. rujna 2026. u Osijeku i Aljma\u0161u. Pozivamo obitelji i sve zainteresirane \u017eupljane da se prijave i sudjeluju na susretu. <strong>Tako\u0111er se mole obitelji i pojedinci koji su u mogu\u0107nosti primiti na smje\u0161taj i no\u0107enje sudionike koji dolaze iz drugih krajeva Hrvatske, Bosne i Hercegovine i inozemstva da se jave \u017eupniku.<\/strong> Prijave za prihvat gostiju potrebno je dostaviti do 7. rujna. Sredi\u0161nje misno slavlje bit \u0107e u nedjelju, 20. rujna, u 10 sati u Aljma\u0161u, uz molitveni program od 9 sati.<strong> Prema odredbi Nadbiskupije, toga dana otkazuju se sve dopodnevne svete mise koje po\u010dinju nakon 8 sati.<\/strong><\/p>\n\n\n\n<p><strong>Pomo\u0107 stradalima u po\u017earu u Omi\u0161u<\/strong><br>Caritas Splitsko-makarske nadbiskupije pokrenuo je akciju prikupljanja nov\u010dane pomo\u0107i za obitelji stradale u po\u017earu na podru\u010dju Omi\u0161a i Lokve Rogoznice, osobito za one koji su ostali bez doma i osnovnih \u017eivotnih uvjeta. Danas \u0107emo iza mise prikupljati va\u0161e darove. <\/p>\n\n\n\n<p><strong>Prva nedjelja u mjesecu<\/strong> \u2013 molitva za redovni\u010dka i sve\u0107eni\u010dka zvanja.<\/p>\n\n\n\n<p><strong>Euharistijsko klanjanje <\/strong>\u2013 svakoga \u010detvrtka nakon ve\u010dernje svete mise.<\/p>\n\n\n\n<p><strong>Katehetska nedjelja<\/strong><br>Sljede\u0107e nedjelje slavimo dvadeset i \u010detvrtu nedjelju kroz godinu, ujedno je Katehetska nedjelja u na\u0161oj Nadbiskupiji pa \u0107emo pod svetom misom u 10:00 sati imati <strong>Zaziv Duha Svetoga<\/strong> za katehetsku i vjeronau\u010dnu godinu. Pozivamo napose sve u\u010denike.<\/p>\n\n\n\n<p><strong>OFS<\/strong> &#8211; Redoviti mjese\u010dni susret Mjesnoga bratstva OFS-a bit \u0107e u 16:30 sati.<\/p>\n\n\n\n<p><strong>Katekumenat <\/strong>za primanje sakramenata po\u010dinje u utorak, 13. listopada 2026. u 19.15 sati. Mjesto odr\u017eavanja je Nadbiskupijski vikarijat u Osijeku, na adresi Strossmayerova 58. <strong>Broj mobitela: 098 973 0540.<\/strong><\/p>\n\n\n\n<p><strong>Prijave za \u017eupne kateheze <\/strong>bit \u0107e od 28. do 30. rujna u \u017eupnom uredu od 8.30 do 11.00 te od 16.00 do 18.00 sati. \u017dupne kateheze, uz \u0161kolski vjeronauk i sudjelovanje na svetim misama, obvezni su dio priprave za primanje prve svete ispovijedi, prve svete pri\u010desti i svete potvrde. Kateheze su obvezne za prvi, drugi, tre\u0107i i osmi razred osnovne \u0161kole te prvi i drugi razred srednje \u0161kole. Pri prijavi je potrebno donijeti <strong>\u017eupnu obiteljsku knji\u017eicu i potvrdu o poha\u0111anju \u0161kolskog vjeronauka.<\/strong><\/p>\n\n\n\n<p><strong>Na raspolaganju vam je katoli\u010dki vjerski tisak.<\/strong><\/p>\n\n\n\n<p><\/p>\n","protected":false},"excerpt":{"rendered":"<p>Kroz ovaj tjedan slavimo:Ponedjeljak, 7. 9. \u2013 Sv. Marko Kri\u017eev\u010daninUtorak, 8. 9. \u2013 Ro\u0111enje B D Marije \u2013 Mala Gospa &#8211; Svete mise su u 7:30 i 18:30 sati.Srijeda, 9. 9. \u2013 sv. Petar Claver\u010cetvrtak, 10. 9. \u2013 sv. PulherijaPetak, 11. 9. \u2013 sv. Bonaventura iz BarceloneSubota, 12. 9. \u2013 Presveto Ime Bla\u017eene Djevice Marije <a href=\"https:\/\/svetaobitelj.hr\/?p=4253\" class=\"more-link\">[&hellip;]<\/a><\/p>\n","protected":false},"author":3,"featured_media":0,"comment_status":"closed","ping_status":"open","sticky":false,"template":"","format":"standard","meta":{"footnotes":""},"categories":[3],"tags":[],"class_list":["entry","author-klik","post-4253","post","type-post","status-publish","format-standard","category-zupa"],"_links":{"self":[{"href":"https:\/\/svetaobitelj.hr\/index.php?rest_route=\/wp\/v2\/posts\/4253","targetHints":{"allow":["GET"]}}],"collection":[{"href":"https:\/\/svetaobitelj.hr\/index.php?rest_route=\/wp\/v2\/posts"}],"about":[{"href":"https:\/\/svetaobitelj.hr\/index.php?rest_route=\/wp\/v2\/types\/post"}],"author":[{"embeddable":true,"href":"https:\/\/svetaobitelj.hr\/index.php?rest_route=\/wp\/v2\/users\/3"}],"replies":[{"embeddable":true,"href":"https:\/\/svetaobitelj.hr\/index.php?rest_route=%2Fwp%2Fv2%2Fcomments&post=4253"}],"version-history":[{"count":1,"href":"https:\/\/svetaobitelj.hr\/index.php?rest_route=\/wp\/v2\/posts\/4253\/revisions"}],"predecessor-version":[{"id":4254,"href":"https:\/\/svetaobitelj.hr\/index.php?rest_route=\/wp\/v2\/posts\/4253\/revisions\/4254"}],"wp:attachment":[{"href":"https:\/\/svetaobitelj.hr\/index.php?rest_route=%2Fwp%2Fv2%2Fmedia&parent=4253"}],"wp:term":[{"taxonomy":"category","embeddable":true,"href":"https:\/\/svetaobitelj.hr\/index.php?rest_route=%2Fwp%2Fv2%2Fcategories&post=4253"},{"taxonomy":"post_tag","embeddable":true,"href":"https:\/\/svetaobitelj.hr\/index.php?rest_route=%2Fwp%2Fv2%2Ftags&post=4253"}],"curies":[{"name":"wp","href":"https:\/\/api.w.org\/{rel}","templated":true}]}}