{"id":423,"date":"2018-06-16T11:02:37","date_gmt":"2018-06-16T10:02:37","guid":{"rendered":"http:\/\/svetaobitelj.hr\/?p=423"},"modified":"2020-01-29T21:58:52","modified_gmt":"2020-01-29T20:58:52","slug":"zupne-obavijesti-11-nedjelja-kroz-godinu","status":"publish","type":"post","link":"https:\/\/svetaobitelj.hr\/?p=423","title":{"rendered":"\u017dupne obavijesti: 11.nedjelja kroz godinu"},"content":{"rendered":"<p>11. NEDJELJA KROZ GODINU<\/p>\n<p>17. lipnja 2018.<\/p>\n<p>1. Danas slavimo jedanaestu nedjelju kroz godinu.<\/p>\n<p>2. Sutra je biblijski sat nakon ve\u010dernje svete mise. U Vikarijatu je biblijsko-molitvena ve\u010der koju vodi vl\u010d. Kre\u0161imir Bulat s po\u010detkom u 19:30 sati.<\/p>\n<p>3. U srijedu je nakon ve\u010dernje svete susret \u010dlanova udruge Vojske Bezgre\u0161ne.<\/p>\n<p>4. U \u010detvrtak je nakon ve\u010dernje svete mise klanjanje pred Presvetim, a \u010dlanovi udruge Sv. Vinko imaju svoj sastanak nakon klanjanja.<\/p>\n<p>5. Sljede\u0107e nedjelje slavimo Ro\u0111enje Ivana Krstitelja. Ujedno je nedjelja uo\u010di svetkovine sv. Petra i Pavla kada nakon svetih misa prikupljamo nov\u010dane priloge, tzv. Petrov nov\u010di\u0107, za potrebe Svete Stolice u Rimu.<\/p>\n<p>6. Svete mise u na\u0161oj \u017eupnoj crkvi nedjeljom u srpnju i kolovozu bit \u0107e u 7:00, 10:00 i 18:30 sati. Ne\u0107e biti svetih misa u 9:00 i u 11:00 sati.<\/p>\n<p>7. Molimo sve vas koji jo\u0161 nemate \u017eupnu knji\u017eicu ili je potrebno upisati promjene u postoje\u0107e, da se javite u \u017eupni ured.<\/p>\n<p>8. U petak, 15. lipnja, umrla je g\u0111a Ana Mijatovi\u0107 r. \u010cokara, majka fra Ilije Mijatovi\u0107a. Sprovod \u0107e biti u utorak, 19. lipnja, u 13:20 na Markovom Polju u Zagrebu, a sveta misa zadu\u0161nica bit \u0107e nakon sprovoda u crkvi Bla\u017eene Djevice Marije An\u0111eoske u Sesvetskoj Sopnici.<\/p>\n<p>9. Kupujte i \u010ditajte vjerski tisak.<\/p>\n","protected":false},"excerpt":{"rendered":"<p>11. NEDJELJA KROZ GODINU 17. lipnja 2018. 1. Danas slavimo jedanaestu nedjelju kroz godinu. 2. Sutra je biblijski sat nakon ve\u010dernje svete mise. U Vikarijatu je biblijsko-molitvena ve\u010der koju vodi vl\u010d. Kre\u0161imir Bulat s po\u010detkom u 19:30 sati. 3. U srijedu je nakon ve\u010dernje svete susret \u010dlanova udruge Vojske Bezgre\u0161ne. 4. U \u010detvrtak je nakon <a href=\"https:\/\/svetaobitelj.hr\/?p=423\" class=\"more-link\">[&hellip;]<\/a><\/p>\n","protected":false},"author":2,"featured_media":0,"comment_status":"closed","ping_status":"closed","sticky":false,"template":"","format":"standard","meta":{"footnotes":""},"categories":[3],"tags":[],"class_list":["entry","author-","post-423","post","type-post","status-publish","format-standard","category-zupa"],"_links":{"self":[{"href":"https:\/\/svetaobitelj.hr\/index.php?rest_route=\/wp\/v2\/posts\/423","targetHints":{"allow":["GET"]}}],"collection":[{"href":"https:\/\/svetaobitelj.hr\/index.php?rest_route=\/wp\/v2\/posts"}],"about":[{"href":"https:\/\/svetaobitelj.hr\/index.php?rest_route=\/wp\/v2\/types\/post"}],"author":[{"embeddable":true,"href":"https:\/\/svetaobitelj.hr\/index.php?rest_route=\/wp\/v2\/users\/2"}],"replies":[{"embeddable":true,"href":"https:\/\/svetaobitelj.hr\/index.php?rest_route=%2Fwp%2Fv2%2Fcomments&post=423"}],"version-history":[{"count":3,"href":"https:\/\/svetaobitelj.hr\/index.php?rest_route=\/wp\/v2\/posts\/423\/revisions"}],"predecessor-version":[{"id":426,"href":"https:\/\/svetaobitelj.hr\/index.php?rest_route=\/wp\/v2\/posts\/423\/revisions\/426"}],"wp:attachment":[{"href":"https:\/\/svetaobitelj.hr\/index.php?rest_route=%2Fwp%2Fv2%2Fmedia&parent=423"}],"wp:term":[{"taxonomy":"category","embeddable":true,"href":"https:\/\/svetaobitelj.hr\/index.php?rest_route=%2Fwp%2Fv2%2Fcategories&post=423"},{"taxonomy":"post_tag","embeddable":true,"href":"https:\/\/svetaobitelj.hr\/index.php?rest_route=%2Fwp%2Fv2%2Ftags&post=423"}],"curies":[{"name":"wp","href":"https:\/\/api.w.org\/{rel}","templated":true}]}}