{"id":4084,"date":"2026-03-14T20:29:52","date_gmt":"2026-03-14T19:29:52","guid":{"rendered":"http:\/\/svetaobitelj.hr\/?p=4084"},"modified":"2026-03-14T20:29:54","modified_gmt":"2026-03-14T19:29:54","slug":"zupne-obavijesti-4-korizmena-nedjelja-7","status":"publish","type":"post","link":"https:\/\/svetaobitelj.hr\/?p=4084","title":{"rendered":"\u017dupne obavijesti: 4. korizmena nedjelja"},"content":{"rendered":"\n<p>Slavimo \u010detvrtu korizmenu nedjelju. Na izlasku iz crkve mo\u017eete kupiti svije\u0107e prigodom akcije \u201eJedna svije\u0107a za svjetlo u obitelji\u201c, \u010dijom kupnjom poma\u017eemo Bra\u010dna i obiteljska savjetovali\u0161ta u na\u0161oj \u0110akova\u010dko \u2013 osje\u010dkoj nadbiskupiji.<\/p>\n\n\n\n<p>Korizma je vrijeme posta, molitve i dobrih djela. Pobo\u017enost kri\u017enog puta je srijedom i petkom u 18:00 sati. Prikupljanje prehrambenih proizvoda i higijenskih potrep\u0161tina za potrebite bit \u0107e u razdoblju izme\u0111u ove nedjelje i Cvjetnice. Svoje darove mo\u017eete donijeti u \u017eupni ured u uredovno vrijeme. U utorak zapo\u010dinje pobo\u017enost 13 utoraka na \u010dast sv. Antunu Padovanskom u 18:15 sati.<\/p>\n\n\n\n<p>U srijedu se spominjemo \u010dasnog sluge Bo\u017ejega fra Vendelina Vo\u0161njaka koji je umro na glasu svetosti 18. o\u017eujka 1933. godine. Fra Vendelin je osniva\u010d na\u0161e Hrvatske franjeva\u010dke provincije sv. \u0106irila i Metoda. U srijedu \u0107e biti tzv. velika ispovijed u na\u0161oj \u017eupi u 9:00 i u 15:00 sati kada \u0107e biti vi\u0161e sve\u0107enika na raspolaganju.<\/p>\n\n\n\n<p>U \u010detvrtak slavimo svetkovinu sv. Josipa. Svete mise su u 7:30 i 18:30 sati. <\/p>\n\n\n\n<p>U korizmeno vrijeme pobo\u017enost kri\u017enoga puta je srijedom i petkom u 18:00 sati. Sljede\u0107e nedjelje slavimo petu korizmenu nedjelju.<\/p>\n\n\n\n<p>Odlukom pape Lava XIV. i Dekretom Apostolske pokorni\u010darne, do 10. sije\u010dnja 2027. godine progla\u0161ena je Posebna jubilarna godina sv. Franje s pridru\u017eenim potpunim oprostima, a prigodom osamstote obljetnice smrti sv. Franje Asi\u0161koga. Potpuni oprost mogu\u0107 je u svim franjeva\u010dkim crkvama.<\/p>\n\n\n\n<p>Ispovijed starih i bolesnih koji ne mogu do\u0107i u crkvu bit \u0107e na Veliki ponedjeljak, 30. o\u017eujka. Njih je potrebno prijaviti u \u017eupni ured.<\/p>\n\n\n\n<p>Zahvalni za va\u0161u pomo\u0107 kojom poma\u017eete obnovu na\u0161ih crkava i samostana nastradalih u potresima, preporu\u010damo se i nadalje va\u0161oj dobroti. Svoj nov\u010dani prilog mo\u017eete dati u posebno ozna\u010denu \u0161krabicu pri izlazu iz crkve ili u \u017eupni ured ili direktno uplatiti na ra\u010dun koji se nalazi na letku.<\/p>\n\n\n\n<p>Molim sve vas koji jo\u0161 nemate \u017eupnu obiteljsku knji\u017eicu ili je potrebno upisati promjene u postoje\u0107e, da se javite u \u017eupni ured u uredovno vrijeme.<\/p>\n\n\n\n<p>Kupujte i \u010ditajte katoli\u010dki vjerski tisak.<\/p>\n\n\n\n<ol start=\"2027\" class=\"wp-block-list\"><\/ol>\n","protected":false},"excerpt":{"rendered":"<p>Slavimo \u010detvrtu korizmenu nedjelju. Na izlasku iz crkve mo\u017eete kupiti svije\u0107e prigodom akcije \u201eJedna svije\u0107a za svjetlo u obitelji\u201c, \u010dijom kupnjom poma\u017eemo Bra\u010dna i obiteljska savjetovali\u0161ta u na\u0161oj \u0110akova\u010dko \u2013 osje\u010dkoj nadbiskupiji. Korizma je vrijeme posta, molitve i dobrih djela. Pobo\u017enost kri\u017enog puta je srijedom i petkom u 18:00 sati. Prikupljanje prehrambenih proizvoda i higijenskih <a href=\"https:\/\/svetaobitelj.hr\/?p=4084\" class=\"more-link\">[&hellip;]<\/a><\/p>\n","protected":false},"author":3,"featured_media":0,"comment_status":"closed","ping_status":"open","sticky":false,"template":"","format":"standard","meta":{"footnotes":""},"categories":[3],"tags":[],"class_list":["entry","author-klik","post-4084","post","type-post","status-publish","format-standard","category-zupa"],"_links":{"self":[{"href":"https:\/\/svetaobitelj.hr\/index.php?rest_route=\/wp\/v2\/posts\/4084","targetHints":{"allow":["GET"]}}],"collection":[{"href":"https:\/\/svetaobitelj.hr\/index.php?rest_route=\/wp\/v2\/posts"}],"about":[{"href":"https:\/\/svetaobitelj.hr\/index.php?rest_route=\/wp\/v2\/types\/post"}],"author":[{"embeddable":true,"href":"https:\/\/svetaobitelj.hr\/index.php?rest_route=\/wp\/v2\/users\/3"}],"replies":[{"embeddable":true,"href":"https:\/\/svetaobitelj.hr\/index.php?rest_route=%2Fwp%2Fv2%2Fcomments&post=4084"}],"version-history":[{"count":1,"href":"https:\/\/svetaobitelj.hr\/index.php?rest_route=\/wp\/v2\/posts\/4084\/revisions"}],"predecessor-version":[{"id":4085,"href":"https:\/\/svetaobitelj.hr\/index.php?rest_route=\/wp\/v2\/posts\/4084\/revisions\/4085"}],"wp:attachment":[{"href":"https:\/\/svetaobitelj.hr\/index.php?rest_route=%2Fwp%2Fv2%2Fmedia&parent=4084"}],"wp:term":[{"taxonomy":"category","embeddable":true,"href":"https:\/\/svetaobitelj.hr\/index.php?rest_route=%2Fwp%2Fv2%2Fcategories&post=4084"},{"taxonomy":"post_tag","embeddable":true,"href":"https:\/\/svetaobitelj.hr\/index.php?rest_route=%2Fwp%2Fv2%2Ftags&post=4084"}],"curies":[{"name":"wp","href":"https:\/\/api.w.org\/{rel}","templated":true}]}}