{"id":4044,"date":"2026-01-24T07:29:39","date_gmt":"2026-01-24T06:29:39","guid":{"rendered":"http:\/\/svetaobitelj.hr\/?p=4044"},"modified":"2026-01-24T07:29:40","modified_gmt":"2026-01-24T06:29:40","slug":"zupne-obavijesti-3-nedjelja-kroz-godinu-8","status":"publish","type":"post","link":"https:\/\/svetaobitelj.hr\/?p=4044","title":{"rendered":"\u017dupne obavijesti: 3. nedjelja kroz godinu"},"content":{"rendered":"\n<p>Slavimo tre\u0107u nedjelju kroz godinu.<\/p>\n\n\n\n<p>Od subote, 24. sije\u010dnja pa do ponedjeljka, 30. sije\u010dnja ove godine u bratskom posjetu na\u0161oj Hrvatskoj franjeva\u010dkoj provinciji sv. \u0106irila i Metoda je fra Massimo Fusarelli, generalni ministar Reda manje bra\u0107e.<\/p>\n\n\n\n<p>Sljede\u0107e nedjelje slavimo \u010detvrtu nedjelju kroz godinu, a ujedno je i prva u mjesecu kada se svojim molitvama i nov\u010danim prilozima sje\u0107amo na\u0161ih odgojnih ustanova \u2013 sjemeni\u0161ta te molimo za duhovna zvanja. Pod jutarnjom svetom misom molit \u0107emo za dobro\u010dinitelje na\u0161e crkve i samostana. Osobita nam je \u010dast i radost \u0161to \u0107e pod svetom misom u 10:00 sati biti Klapa HRM \u201eSv. Juraj\u201c koja \u0107e i predvoditi  liturgijsko pjevanje te na kraju mise imati i kra\u0107i prigodni koncert.<\/p>\n\n\n\n<p>\u017dupne kateheze nastavljamo u velja\u010di prema redovitom rasporedu.<\/p>\n\n\n\n<p>Odlukom pape Lava XIV. i Dekretom Apostolske pokorni\u010darne, od 10. sije\u010dnja ove godine pa sve do 10. sije\u010dnja 2027. godine progla\u0161ena je Posebna jubilarna godina sv. Franje s pridru\u017eenim potpunim oprostima, a prigodom osamstote obljetnice smrti sv. Franje Asi\u0161koga. Potpuni oprost mogu\u0107 je u svim franjeva\u010dkim crkvama.<\/p>\n\n\n\n<p>Zahvalni za va\u0161u pomo\u0107 kojom poma\u017eete obnovu na\u0161ih crkava i samostana nastradalih u potresima, preporu\u010damo se i nadalje va\u0161oj dobroti. Svoj nov\u010dani prilog mo\u017eete dati u posebno ozna\u010denu \u0161krabicu pri izlazu iz crkve ili u \u017eupni ured ili direktno uplatiti na ra\u010dun koji se nalazi na letku.<\/p>\n\n\n\n<p>Molim sve vas koji jo\u0161 nemate \u017eupnu obiteljsku knji\u017eicu ili je potrebno upisati promjene u postoje\u0107e, da se javite u \u017eupni ured u uredovno vrijeme.<\/p>\n\n\n\n<p>Poti\u010dem zainteresirane za pjevanje i sviranje u na\u0161im crkvenim zborovima da se priklju\u010de te da svojim pjevanjem i sviranjem oboga\u0107uju liturgijska slavlja u na\u0161oj \u017eupi.<\/p>\n\n\n\n<p>Imam jo\u0161 samo nekoliko slobodnih termina za jutarnje svete mise u ovoj godini i to u prosincu.<\/p>\n\n\n\n<p>Kupujte i \u010ditajte katoli\u010dki vjerski tisak.<\/p>\n","protected":false},"excerpt":{"rendered":"<p>Slavimo tre\u0107u nedjelju kroz godinu. Od subote, 24. sije\u010dnja pa do ponedjeljka, 30. sije\u010dnja ove godine u bratskom posjetu na\u0161oj Hrvatskoj franjeva\u010dkoj provinciji sv. \u0106irila i Metoda je fra Massimo Fusarelli, generalni ministar Reda manje bra\u0107e. Sljede\u0107e nedjelje slavimo \u010detvrtu nedjelju kroz godinu, a ujedno je i prva u mjesecu kada se svojim molitvama i <a href=\"https:\/\/svetaobitelj.hr\/?p=4044\" class=\"more-link\">[&hellip;]<\/a><\/p>\n","protected":false},"author":3,"featured_media":0,"comment_status":"closed","ping_status":"open","sticky":false,"template":"","format":"standard","meta":{"footnotes":""},"categories":[3],"tags":[],"class_list":["entry","author-klik","post-4044","post","type-post","status-publish","format-standard","category-zupa"],"_links":{"self":[{"href":"https:\/\/svetaobitelj.hr\/index.php?rest_route=\/wp\/v2\/posts\/4044","targetHints":{"allow":["GET"]}}],"collection":[{"href":"https:\/\/svetaobitelj.hr\/index.php?rest_route=\/wp\/v2\/posts"}],"about":[{"href":"https:\/\/svetaobitelj.hr\/index.php?rest_route=\/wp\/v2\/types\/post"}],"author":[{"embeddable":true,"href":"https:\/\/svetaobitelj.hr\/index.php?rest_route=\/wp\/v2\/users\/3"}],"replies":[{"embeddable":true,"href":"https:\/\/svetaobitelj.hr\/index.php?rest_route=%2Fwp%2Fv2%2Fcomments&post=4044"}],"version-history":[{"count":1,"href":"https:\/\/svetaobitelj.hr\/index.php?rest_route=\/wp\/v2\/posts\/4044\/revisions"}],"predecessor-version":[{"id":4045,"href":"https:\/\/svetaobitelj.hr\/index.php?rest_route=\/wp\/v2\/posts\/4044\/revisions\/4045"}],"wp:attachment":[{"href":"https:\/\/svetaobitelj.hr\/index.php?rest_route=%2Fwp%2Fv2%2Fmedia&parent=4044"}],"wp:term":[{"taxonomy":"category","embeddable":true,"href":"https:\/\/svetaobitelj.hr\/index.php?rest_route=%2Fwp%2Fv2%2Fcategories&post=4044"},{"taxonomy":"post_tag","embeddable":true,"href":"https:\/\/svetaobitelj.hr\/index.php?rest_route=%2Fwp%2Fv2%2Ftags&post=4044"}],"curies":[{"name":"wp","href":"https:\/\/api.w.org\/{rel}","templated":true}]}}