{"id":4041,"date":"2026-01-17T07:59:01","date_gmt":"2026-01-17T06:59:01","guid":{"rendered":"http:\/\/svetaobitelj.hr\/?p=4041"},"modified":"2026-01-17T07:59:03","modified_gmt":"2026-01-17T06:59:03","slug":"zupne-obavijesti-2-nedjelja-kroz-godinu-7","status":"publish","type":"post","link":"https:\/\/svetaobitelj.hr\/?p=4041","title":{"rendered":"\u017dupne obavijesti: 2. nedjelja kroz godinu"},"content":{"rendered":"\n<p>Slavimo drugu nedjelju kroz godinu. Zapo\u010dinje Molitvena osmina za jedinstvo kr\u0161\u0107ana koja zavr\u0161ava sljede\u0107e nedjelje, 25. sije\u010dnja.<\/p>\n\n\n\n<p>Raspored ekumenskih molitvenih susreta u Osijeku:<\/p>\n\n\n\n<ul class=\"wp-block-list\">\n<li>nedjelja, 18. sije\u010dnja u 17:00 sati Kapucinska crkva;<\/li>\n\n\n\n<li>ponedjeljak, 19. sije\u010dnja u 17:00 sati Reformirana kr\u0161\u0107anska kalvinska<br>crkva u Retfali, \u0160andora Petefija 76;<\/li>\n\n\n\n<li>utorak, 20. sije\u010dnja u 19:00 sati \u017dupna crkva sv. \u0106irila i Metoda u<br>Divaltovoj 71;<\/li>\n\n\n\n<li>srijeda, 21. sije\u010dnja u 17:00 sati Evangeli\u010dka crkva u Gornjem gradu,<br>Lorenza J\u00e4gera 7;<\/li>\n\n\n\n<li>\u010detvrtak, 22. sije\u010dnja u 18:00 sati Srpska pravoslavna crkva u Donjem<br>gradu, Jove Jovanovi\u0107a Zmaja 25;<\/li>\n\n\n\n<li>petak, 23. sije\u010dnja u 19:30 sati Katoli\u010dka lai\u010dka zajednica \u201eMiR\u201c u<br>Donjem gradu, Vodeni\u010dka 23.<\/li>\n<\/ul>\n\n\n\n<p>Odlukom pape Lava XIV. i Dekretom Apostolske pokorni\u010darne, od 10. sije\u010dnja ove godine pa sve do 10. sije\u010dnja 2027. godine progla\u0161ena je Posebna jubilarna godina sv. Franje s pridru\u017eenim potpunim oprostima, a prigodom osamstote obljetnice smrti sv. Franje Asi\u0161koga. Potpuni oprost mogu\u0107 je u svim franjeva\u010dkim crkvama.<\/p>\n\n\n\n<p>U \u010detvrtak je redoviti sastanak \u010dlanova na\u0161ih \u017eupnih vije\u0107a u 19:30 sati. <\/p>\n\n\n\n<p>Od subote, 24. sije\u010dnja pa do ponedjeljka, 30. sije\u010dnja ove godine u bratskom posjetu na\u0161oj Hrvatskoj franjeva\u010dkoj provinciji sv. \u0106irila i Metoda je fra Massimo Fusarelli, generalni ministar Reda manje bra\u0107e.<\/p>\n\n\n\n<p>Sljede\u0107e nedjelje slavimo tre\u0107u nedjelju kroz godinu koja je i Nedjelja  Bo\u017eje rije\u010di.<\/p>\n\n\n\n<p>Zahvalni za va\u0161u pomo\u0107 kojom poma\u017eete obnovu na\u0161ih crkava i samostana nastradalih u potresima, preporu\u010damo se i nadalje va\u0161oj dobroti. Svoj nov\u010dani prilog mo\u017eete dati u posebno ozna\u010denu \u0161krabicu pri izlazu iz crkve ili u \u017eupni ured ili direktno uplatiti na ra\u010dun koji se nalazi na letku.<\/p>\n\n\n\n<p>Molim sve vas koji jo\u0161 nemate \u017eupnu obiteljsku knji\u017eicu ili je potrebno upisati promjene u postoje\u0107e, da se javite u \u017eupni ured u uredovno vrijeme.<\/p>\n\n\n\n<p>Poti\u010dem zainteresirane za pjevanje i sviranje u na\u0161im crkvenim zborovima da se priklju\u010de te da svojim pjevanjem i sviranjem oboga\u0107uju liturgijska slavlja u na\u0161oj \u017eupi. Kupujte i \u010ditajte katoli\u010dki vjerski tisak.<\/p>\n","protected":false},"excerpt":{"rendered":"<p>Slavimo drugu nedjelju kroz godinu. Zapo\u010dinje Molitvena osmina za jedinstvo kr\u0161\u0107ana koja zavr\u0161ava sljede\u0107e nedjelje, 25. sije\u010dnja. Raspored ekumenskih molitvenih susreta u Osijeku: Odlukom pape Lava XIV. i Dekretom Apostolske pokorni\u010darne, od 10. sije\u010dnja ove godine pa sve do 10. sije\u010dnja 2027. godine progla\u0161ena je Posebna jubilarna godina sv. Franje s pridru\u017eenim potpunim oprostima, a <a href=\"https:\/\/svetaobitelj.hr\/?p=4041\" class=\"more-link\">[&hellip;]<\/a><\/p>\n","protected":false},"author":3,"featured_media":0,"comment_status":"closed","ping_status":"open","sticky":false,"template":"","format":"standard","meta":{"footnotes":""},"categories":[3],"tags":[],"class_list":["entry","author-klik","post-4041","post","type-post","status-publish","format-standard","category-zupa"],"_links":{"self":[{"href":"https:\/\/svetaobitelj.hr\/index.php?rest_route=\/wp\/v2\/posts\/4041","targetHints":{"allow":["GET"]}}],"collection":[{"href":"https:\/\/svetaobitelj.hr\/index.php?rest_route=\/wp\/v2\/posts"}],"about":[{"href":"https:\/\/svetaobitelj.hr\/index.php?rest_route=\/wp\/v2\/types\/post"}],"author":[{"embeddable":true,"href":"https:\/\/svetaobitelj.hr\/index.php?rest_route=\/wp\/v2\/users\/3"}],"replies":[{"embeddable":true,"href":"https:\/\/svetaobitelj.hr\/index.php?rest_route=%2Fwp%2Fv2%2Fcomments&post=4041"}],"version-history":[{"count":1,"href":"https:\/\/svetaobitelj.hr\/index.php?rest_route=\/wp\/v2\/posts\/4041\/revisions"}],"predecessor-version":[{"id":4042,"href":"https:\/\/svetaobitelj.hr\/index.php?rest_route=\/wp\/v2\/posts\/4041\/revisions\/4042"}],"wp:attachment":[{"href":"https:\/\/svetaobitelj.hr\/index.php?rest_route=%2Fwp%2Fv2%2Fmedia&parent=4041"}],"wp:term":[{"taxonomy":"category","embeddable":true,"href":"https:\/\/svetaobitelj.hr\/index.php?rest_route=%2Fwp%2Fv2%2Fcategories&post=4041"},{"taxonomy":"post_tag","embeddable":true,"href":"https:\/\/svetaobitelj.hr\/index.php?rest_route=%2Fwp%2Fv2%2Ftags&post=4041"}],"curies":[{"name":"wp","href":"https:\/\/api.w.org\/{rel}","templated":true}]}}