{"id":3968,"date":"2025-11-30T21:57:23","date_gmt":"2025-11-30T20:57:23","guid":{"rendered":"http:\/\/svetaobitelj.hr\/?p=3968"},"modified":"2025-11-30T21:57:51","modified_gmt":"2025-11-30T20:57:51","slug":"hodocastili-smo-u-tvrdu","status":"publish","type":"post","link":"https:\/\/svetaobitelj.hr\/?p=3968","title":{"rendered":"Hodo\u010dastili smo u Tvr\u0111u&#8230;"},"content":{"rendered":"<div class=\"wp-block-image\">\n<figure class=\"aligncenter size-large\"><img loading=\"lazy\" decoding=\"async\" width=\"576\" height=\"1024\" src=\"http:\/\/svetaobitelj.hr\/wp-content\/uploads\/2025\/11\/1000021134-576x1024.jpg\" alt=\"\" class=\"wp-image-3969\" srcset=\"https:\/\/svetaobitelj.hr\/wp-content\/uploads\/2025\/11\/1000021134-576x1024.jpg 576w, https:\/\/svetaobitelj.hr\/wp-content\/uploads\/2025\/11\/1000021134-169x300.jpg 169w, https:\/\/svetaobitelj.hr\/wp-content\/uploads\/2025\/11\/1000021134-768x1365.jpg 768w, https:\/\/svetaobitelj.hr\/wp-content\/uploads\/2025\/11\/1000021134-864x1536.jpg 864w, https:\/\/svetaobitelj.hr\/wp-content\/uploads\/2025\/11\/1000021134-1152x2048.jpg 1152w, https:\/\/svetaobitelj.hr\/wp-content\/uploads\/2025\/11\/1000021134-scaled.jpg 1440w\" sizes=\"auto, (max-width: 576px) 100vw, 576px\" \/><\/figure><\/div>\n\n\n<p><\/p>\n\n\n\n<p>U nedjelju, 30. studenoga na\u0161a \u017eupa hodo\u010dastila je \u010cuvarici i Za\u0161titnici na\u0161ega grada Osijeka. Euharistijsko slavlje predvodio je na\u0161 \u017eupnik, a zbor na\u0161e \u017eupe uveli\u010dao je slavlje svojim pjevanjem.<\/p>\n\n\n\n<p><\/p>\n\n\n<div class=\"wp-block-image\">\n<figure class=\"aligncenter size-large\"><img loading=\"lazy\" decoding=\"async\" width=\"576\" height=\"1024\" src=\"http:\/\/svetaobitelj.hr\/wp-content\/uploads\/2025\/11\/1000021135-576x1024.jpg\" alt=\"\" class=\"wp-image-3970\" srcset=\"https:\/\/svetaobitelj.hr\/wp-content\/uploads\/2025\/11\/1000021135-576x1024.jpg 576w, https:\/\/svetaobitelj.hr\/wp-content\/uploads\/2025\/11\/1000021135-169x300.jpg 169w, https:\/\/svetaobitelj.hr\/wp-content\/uploads\/2025\/11\/1000021135-768x1365.jpg 768w, https:\/\/svetaobitelj.hr\/wp-content\/uploads\/2025\/11\/1000021135-864x1536.jpg 864w, https:\/\/svetaobitelj.hr\/wp-content\/uploads\/2025\/11\/1000021135-1152x2048.jpg 1152w, https:\/\/svetaobitelj.hr\/wp-content\/uploads\/2025\/11\/1000021135-scaled.jpg 1440w\" sizes=\"auto, (max-width: 576px) 100vw, 576px\" \/><\/figure><\/div>","protected":false},"excerpt":{"rendered":"<p>U nedjelju, 30. studenoga na\u0161a \u017eupa hodo\u010dastila je \u010cuvarici i Za\u0161titnici na\u0161ega grada Osijeka. Euharistijsko slavlje predvodio je na\u0161 \u017eupnik, a zbor na\u0161e \u017eupe uveli\u010dao je slavlje svojim pjevanjem.<\/p>\n","protected":false},"author":3,"featured_media":0,"comment_status":"closed","ping_status":"open","sticky":false,"template":"","format":"standard","meta":{"footnotes":""},"categories":[3],"tags":[],"class_list":["entry","author-klik","post-3968","post","type-post","status-publish","format-standard","category-zupa"],"_links":{"self":[{"href":"https:\/\/svetaobitelj.hr\/index.php?rest_route=\/wp\/v2\/posts\/3968","targetHints":{"allow":["GET"]}}],"collection":[{"href":"https:\/\/svetaobitelj.hr\/index.php?rest_route=\/wp\/v2\/posts"}],"about":[{"href":"https:\/\/svetaobitelj.hr\/index.php?rest_route=\/wp\/v2\/types\/post"}],"author":[{"embeddable":true,"href":"https:\/\/svetaobitelj.hr\/index.php?rest_route=\/wp\/v2\/users\/3"}],"replies":[{"embeddable":true,"href":"https:\/\/svetaobitelj.hr\/index.php?rest_route=%2Fwp%2Fv2%2Fcomments&post=3968"}],"version-history":[{"count":2,"href":"https:\/\/svetaobitelj.hr\/index.php?rest_route=\/wp\/v2\/posts\/3968\/revisions"}],"predecessor-version":[{"id":3972,"href":"https:\/\/svetaobitelj.hr\/index.php?rest_route=\/wp\/v2\/posts\/3968\/revisions\/3972"}],"wp:attachment":[{"href":"https:\/\/svetaobitelj.hr\/index.php?rest_route=%2Fwp%2Fv2%2Fmedia&parent=3968"}],"wp:term":[{"taxonomy":"category","embeddable":true,"href":"https:\/\/svetaobitelj.hr\/index.php?rest_route=%2Fwp%2Fv2%2Fcategories&post=3968"},{"taxonomy":"post_tag","embeddable":true,"href":"https:\/\/svetaobitelj.hr\/index.php?rest_route=%2Fwp%2Fv2%2Ftags&post=3968"}],"curies":[{"name":"wp","href":"https:\/\/api.w.org\/{rel}","templated":true}]}}