{"id":3961,"date":"2025-11-28T22:41:59","date_gmt":"2025-11-28T21:41:59","guid":{"rendered":"http:\/\/svetaobitelj.hr\/?p=3961"},"modified":"2025-11-28T22:42:01","modified_gmt":"2025-11-28T21:42:01","slug":"zupne-obavijesti-1-nedjelja-dosasca-7","status":"publish","type":"post","link":"https:\/\/svetaobitelj.hr\/?p=3961","title":{"rendered":"\u017dupne obavijesti: 1. nedjelja do\u0161a\u0161\u0107a"},"content":{"rendered":"\n<p>Slavimo prvu nedjelju do\u0161a\u0161\u0107a \u010dime zapo\u010dinje nova liturgijska ili crkvena godina. Pod svetom misom u 10:00 sati predstavljanje je ovogodi\u0161njih kandidata za prvu Ispovijed i Pri\u010dest kao i za svetu Potvrdu.<\/p>\n\n\n\n<p>Od sutra su mise zornice svakoga radnog dana u 6 sati. U vrijeme do\u0161a\u0161\u0107a ne\u0107e biti svetih misa u 7:30 sati.<\/p>\n\n\n\n<p>U subotu pod ve\u010dernjom svetom misom molit \u0107emo za duhovna zvanja, budu\u0107i da je prva subota u mjesecu.<\/p>\n\n\n\n<p>Sljede\u0107e nedjelje slavimo drugu nedjelju do\u0161a\u0161\u0107a. Ujedno je prva nedjelja u mjesecu kada se svojim molitvama i nov\u010danim prilozima sje\u0107amo na\u0161ih sjemeni\u0161ta te molimo za duhovna zvanja. Pod jutarnjom svetom misom molit \u0107emo za dobro\u010dinitelje ove na\u0161e crkve i samostana.<\/p>\n\n\n\n<p>Vrijeme do\u0161a\u0161\u0107a je i vrijeme kada kao vjernici poma\u017eemo bra\u0107i i sestrama u potrebi. Tko \u017eeli mo\u017ee uzeti caritasove kutijice te stavljati svoj dar u njih tijekom do\u0161a\u0161\u0107a i donijeti ih u crkvu tre\u0107e nedjelje do\u0161a\u0161\u0107a kada i slavimo Nedjelju Caritasa. Prikupljanje prehrambenih proizvoda i higijenskih potrep\u0161tina za potrebite na\u0161e \u017dupe bit \u0107e izme\u0111u prve i tre\u0107e nedjelje do\u0161a\u0161\u0107a. Caritas na\u0161e Nadbiskupije nastavlja s projektom \u201eDje\u010dja ko\u0161arica\u201c kao i projektom \u201eBla\u017eenije je davati nego primati\u201c \u010dime svojim nov\u010danim prilozima te hranom, higijenskim i dje\u010djim potrep\u0161tinama poma\u017eemo djelovanju Caritasa. Svoje darove mo\u017eete donijeti u \u017eupni ured.<\/p>\n\n\n\n<p>Starije i bolesne koji ne mogu do\u0107i u crkvu ispovijedat \u0107u u ponedjeljak, 15. prosinca od 8:30 sati. Potrebno je prijaviti ih u \u017eupnom uredu. <\/p>\n\n\n\n<p>Zajedni\u010dka, tzv.<em> velika ispovijed<\/em>, bit \u0107e u na\u0161oj \u017eupnoj crkvi u srijedu, 17. prosinca, u 9:00 i u 15:00 sati kada \u0107e biti vi\u0161e sve\u0107enika na raspolaganju. Budu\u0107i da vi\u0161e nemamo \u017eupnog vikara u \u017eupi, molim vas da do\u0111ete u to vrijeme jer ne\u0107u mo\u0107i biti na raspolaganju nedjeljom za ispovijed radi svetih misa, a osobito nemojte \u010dekati zadnje trenutke.<\/p>\n\n\n\n<p>Zahvalni za va\u0161u pomo\u0107 kojom poma\u017eete obnovu na\u0161ih crkava i samostana nastradalih u potresima, preporu\u010damo se i nadalje va\u0161oj dobroti. Svoj nov\u010dani prilog mo\u017eete dati u posebno ozna\u010denu \u0161krabicu pri izlazu iz crkve ili u \u017eupni ured ili direktno uplatiti na ra\u010dun koji se nalazi na letku.<\/p>\n\n\n\n<p>Molim sve vas koji jo\u0161 nemate \u017eupnu obiteljsku knji\u017eicu ili je potrebno upisati promjene u postoje\u0107e, da se javite u \u017eupni ured.<\/p>\n\n\n\n<p>Kupujte i \u010ditajte katoli\u010dki vjerski tisak. U \u017eupnom uredu i gornjoj sakristiji mo\u017eete kupiti kalendare za sljede\u0107u godinu.<\/p>\n","protected":false},"excerpt":{"rendered":"<p>Slavimo prvu nedjelju do\u0161a\u0161\u0107a \u010dime zapo\u010dinje nova liturgijska ili crkvena godina. Pod svetom misom u 10:00 sati predstavljanje je ovogodi\u0161njih kandidata za prvu Ispovijed i Pri\u010dest kao i za svetu Potvrdu. Od sutra su mise zornice svakoga radnog dana u 6 sati. U vrijeme do\u0161a\u0161\u0107a ne\u0107e biti svetih misa u 7:30 sati. U subotu pod <a href=\"https:\/\/svetaobitelj.hr\/?p=3961\" class=\"more-link\">[&hellip;]<\/a><\/p>\n","protected":false},"author":3,"featured_media":0,"comment_status":"closed","ping_status":"open","sticky":false,"template":"","format":"standard","meta":{"footnotes":""},"categories":[3],"tags":[],"class_list":["entry","author-klik","post-3961","post","type-post","status-publish","format-standard","category-zupa"],"_links":{"self":[{"href":"https:\/\/svetaobitelj.hr\/index.php?rest_route=\/wp\/v2\/posts\/3961","targetHints":{"allow":["GET"]}}],"collection":[{"href":"https:\/\/svetaobitelj.hr\/index.php?rest_route=\/wp\/v2\/posts"}],"about":[{"href":"https:\/\/svetaobitelj.hr\/index.php?rest_route=\/wp\/v2\/types\/post"}],"author":[{"embeddable":true,"href":"https:\/\/svetaobitelj.hr\/index.php?rest_route=\/wp\/v2\/users\/3"}],"replies":[{"embeddable":true,"href":"https:\/\/svetaobitelj.hr\/index.php?rest_route=%2Fwp%2Fv2%2Fcomments&post=3961"}],"version-history":[{"count":1,"href":"https:\/\/svetaobitelj.hr\/index.php?rest_route=\/wp\/v2\/posts\/3961\/revisions"}],"predecessor-version":[{"id":3962,"href":"https:\/\/svetaobitelj.hr\/index.php?rest_route=\/wp\/v2\/posts\/3961\/revisions\/3962"}],"wp:attachment":[{"href":"https:\/\/svetaobitelj.hr\/index.php?rest_route=%2Fwp%2Fv2%2Fmedia&parent=3961"}],"wp:term":[{"taxonomy":"category","embeddable":true,"href":"https:\/\/svetaobitelj.hr\/index.php?rest_route=%2Fwp%2Fv2%2Fcategories&post=3961"},{"taxonomy":"post_tag","embeddable":true,"href":"https:\/\/svetaobitelj.hr\/index.php?rest_route=%2Fwp%2Fv2%2Ftags&post=3961"}],"curies":[{"name":"wp","href":"https:\/\/api.w.org\/{rel}","templated":true}]}}