{"id":3953,"date":"2025-11-24T16:47:48","date_gmt":"2025-11-24T15:47:48","guid":{"rendered":"http:\/\/svetaobitelj.hr\/?p=3953"},"modified":"2025-11-24T16:47:49","modified_gmt":"2025-11-24T15:47:49","slug":"posjet-marka-perkovica-thompsona-nasoj-zupi","status":"publish","type":"post","link":"https:\/\/svetaobitelj.hr\/?p=3953","title":{"rendered":"Posjet Marka Perkovi\u0107a THOMPSONA na\u0161oj \u017eupi"},"content":{"rendered":"\n<figure class=\"wp-block-image size-large\"><img loading=\"lazy\" decoding=\"async\" width=\"1024\" height=\"1024\" src=\"http:\/\/svetaobitelj.hr\/wp-content\/uploads\/2025\/11\/slika3-1024x1024.jpg\" alt=\"\" class=\"wp-image-3954\" srcset=\"https:\/\/svetaobitelj.hr\/wp-content\/uploads\/2025\/11\/slika3-1024x1024.jpg 1024w, https:\/\/svetaobitelj.hr\/wp-content\/uploads\/2025\/11\/slika3-300x300.jpg 300w, https:\/\/svetaobitelj.hr\/wp-content\/uploads\/2025\/11\/slika3-150x150.jpg 150w, https:\/\/svetaobitelj.hr\/wp-content\/uploads\/2025\/11\/slika3-768x768.jpg 768w, https:\/\/svetaobitelj.hr\/wp-content\/uploads\/2025\/11\/slika3-1536x1536.jpg 1536w, https:\/\/svetaobitelj.hr\/wp-content\/uploads\/2025\/11\/slika3.jpg 2048w\" sizes=\"auto, (max-width: 1024px) 100vw, 1024px\" \/><\/figure>\n\n\n\n<p>U nedjelju 23.11.2025 na svetoj misi u 10 sati na\u0161u \u017eupu sv. Obitelji  posjetio je  g. Marko Perkovi\u0107 Thompson. Do\u0161ao je zajedno s sa svojim menad\u017eerom g. Zdravkom Bari\u0161i\u0107em i \u010dlanovima benda. Svetu misu predslavio je \u017eupnik fra Dragutin Bedeni\u010di\u0107 koji je na kraju mise pozdravio g. Perkovi\u0107a te mu zahvalio ne samo \u0161to nam je do\u0161ao u posjet nego i za sve \u0161to kroz svoju glazbu \u010dini za promicanje pravih vrijednosti a to su vjera, ljubav i domovina. Ujedno je zahvalio i Tatjani \u0160arga\u010d koja je organizirala posjet te naglasio da je Thompson do\u0161ao na misu kao vjernik i kako bi posjetio na\u0161e ministrante. Nakon misnog slavlja u samostanskoj blagovaonici nastavilo se dru\u017eenje s ministrantima uz pjesmu, razgovor i fotografiranje. Ministranti, njih 27 odu\u0161evljeni su iznena\u0111enjem te su radosna srca oti\u0161li svojim domovima svjedo\u010de\u0107i koliko ih Bog ljubi.<\/p>\n\n\n\n<figure class=\"wp-block-image size-large\"><img loading=\"lazy\" decoding=\"async\" width=\"1024\" height=\"1024\" src=\"http:\/\/svetaobitelj.hr\/wp-content\/uploads\/2025\/11\/slika1-1024x1024.jpg\" alt=\"\" class=\"wp-image-3955\" srcset=\"https:\/\/svetaobitelj.hr\/wp-content\/uploads\/2025\/11\/slika1-1024x1024.jpg 1024w, https:\/\/svetaobitelj.hr\/wp-content\/uploads\/2025\/11\/slika1-300x300.jpg 300w, https:\/\/svetaobitelj.hr\/wp-content\/uploads\/2025\/11\/slika1-150x150.jpg 150w, https:\/\/svetaobitelj.hr\/wp-content\/uploads\/2025\/11\/slika1-768x768.jpg 768w, https:\/\/svetaobitelj.hr\/wp-content\/uploads\/2025\/11\/slika1-1536x1536.jpg 1536w, https:\/\/svetaobitelj.hr\/wp-content\/uploads\/2025\/11\/slika1.jpg 2048w\" sizes=\"auto, (max-width: 1024px) 100vw, 1024px\" \/><\/figure>\n\n\n\n<figure class=\"wp-block-image size-large\"><img loading=\"lazy\" decoding=\"async\" width=\"1024\" height=\"1024\" src=\"http:\/\/svetaobitelj.hr\/wp-content\/uploads\/2025\/11\/slika4-1024x1024.jpg\" alt=\"\" class=\"wp-image-3956\" srcset=\"https:\/\/svetaobitelj.hr\/wp-content\/uploads\/2025\/11\/slika4-1024x1024.jpg 1024w, https:\/\/svetaobitelj.hr\/wp-content\/uploads\/2025\/11\/slika4-300x300.jpg 300w, https:\/\/svetaobitelj.hr\/wp-content\/uploads\/2025\/11\/slika4-150x150.jpg 150w, https:\/\/svetaobitelj.hr\/wp-content\/uploads\/2025\/11\/slika4-768x768.jpg 768w, https:\/\/svetaobitelj.hr\/wp-content\/uploads\/2025\/11\/slika4-1536x1536.jpg 1536w, https:\/\/svetaobitelj.hr\/wp-content\/uploads\/2025\/11\/slika4.jpg 2048w\" sizes=\"auto, (max-width: 1024px) 100vw, 1024px\" \/><\/figure>\n\n\n\n<figure class=\"wp-block-image size-large\"><img loading=\"lazy\" decoding=\"async\" width=\"1024\" height=\"1024\" src=\"http:\/\/svetaobitelj.hr\/wp-content\/uploads\/2025\/11\/slika5-1024x1024.jpg\" alt=\"\" class=\"wp-image-3957\" srcset=\"https:\/\/svetaobitelj.hr\/wp-content\/uploads\/2025\/11\/slika5-1024x1024.jpg 1024w, https:\/\/svetaobitelj.hr\/wp-content\/uploads\/2025\/11\/slika5-300x300.jpg 300w, https:\/\/svetaobitelj.hr\/wp-content\/uploads\/2025\/11\/slika5-150x150.jpg 150w, https:\/\/svetaobitelj.hr\/wp-content\/uploads\/2025\/11\/slika5-768x768.jpg 768w, https:\/\/svetaobitelj.hr\/wp-content\/uploads\/2025\/11\/slika5-1536x1536.jpg 1536w, https:\/\/svetaobitelj.hr\/wp-content\/uploads\/2025\/11\/slika5.jpg 2048w\" sizes=\"auto, (max-width: 1024px) 100vw, 1024px\" \/><\/figure>\n\n\n\n<figure class=\"wp-block-image size-large\"><img loading=\"lazy\" decoding=\"async\" width=\"1024\" height=\"1024\" src=\"http:\/\/svetaobitelj.hr\/wp-content\/uploads\/2025\/11\/slika6-1024x1024.jpg\" alt=\"\" class=\"wp-image-3958\" srcset=\"https:\/\/svetaobitelj.hr\/wp-content\/uploads\/2025\/11\/slika6-1024x1024.jpg 1024w, https:\/\/svetaobitelj.hr\/wp-content\/uploads\/2025\/11\/slika6-300x300.jpg 300w, https:\/\/svetaobitelj.hr\/wp-content\/uploads\/2025\/11\/slika6-150x150.jpg 150w, https:\/\/svetaobitelj.hr\/wp-content\/uploads\/2025\/11\/slika6-768x768.jpg 768w, https:\/\/svetaobitelj.hr\/wp-content\/uploads\/2025\/11\/slika6-1536x1536.jpg 1536w, https:\/\/svetaobitelj.hr\/wp-content\/uploads\/2025\/11\/slika6.jpg 2048w\" sizes=\"auto, (max-width: 1024px) 100vw, 1024px\" \/><\/figure>\n","protected":false},"excerpt":{"rendered":"<p>U nedjelju 23.11.2025 na svetoj misi u 10 sati na\u0161u \u017eupu sv. Obitelji posjetio je g. Marko Perkovi\u0107 Thompson. Do\u0161ao je zajedno s sa svojim menad\u017eerom g. Zdravkom Bari\u0161i\u0107em i \u010dlanovima benda. Svetu misu predslavio je \u017eupnik fra Dragutin Bedeni\u010di\u0107 koji je na kraju mise pozdravio g. Perkovi\u0107a te mu zahvalio ne samo \u0161to nam <a href=\"https:\/\/svetaobitelj.hr\/?p=3953\" class=\"more-link\">[&hellip;]<\/a><\/p>\n","protected":false},"author":3,"featured_media":0,"comment_status":"closed","ping_status":"open","sticky":false,"template":"","format":"standard","meta":{"footnotes":""},"categories":[3],"tags":[],"class_list":["entry","author-klik","post-3953","post","type-post","status-publish","format-standard","category-zupa"],"_links":{"self":[{"href":"https:\/\/svetaobitelj.hr\/index.php?rest_route=\/wp\/v2\/posts\/3953","targetHints":{"allow":["GET"]}}],"collection":[{"href":"https:\/\/svetaobitelj.hr\/index.php?rest_route=\/wp\/v2\/posts"}],"about":[{"href":"https:\/\/svetaobitelj.hr\/index.php?rest_route=\/wp\/v2\/types\/post"}],"author":[{"embeddable":true,"href":"https:\/\/svetaobitelj.hr\/index.php?rest_route=\/wp\/v2\/users\/3"}],"replies":[{"embeddable":true,"href":"https:\/\/svetaobitelj.hr\/index.php?rest_route=%2Fwp%2Fv2%2Fcomments&post=3953"}],"version-history":[{"count":1,"href":"https:\/\/svetaobitelj.hr\/index.php?rest_route=\/wp\/v2\/posts\/3953\/revisions"}],"predecessor-version":[{"id":3959,"href":"https:\/\/svetaobitelj.hr\/index.php?rest_route=\/wp\/v2\/posts\/3953\/revisions\/3959"}],"wp:attachment":[{"href":"https:\/\/svetaobitelj.hr\/index.php?rest_route=%2Fwp%2Fv2%2Fmedia&parent=3953"}],"wp:term":[{"taxonomy":"category","embeddable":true,"href":"https:\/\/svetaobitelj.hr\/index.php?rest_route=%2Fwp%2Fv2%2Fcategories&post=3953"},{"taxonomy":"post_tag","embeddable":true,"href":"https:\/\/svetaobitelj.hr\/index.php?rest_route=%2Fwp%2Fv2%2Ftags&post=3953"}],"curies":[{"name":"wp","href":"https:\/\/api.w.org\/{rel}","templated":true}]}}