{"id":3950,"date":"2025-11-24T16:33:44","date_gmt":"2025-11-24T15:33:44","guid":{"rendered":"http:\/\/svetaobitelj.hr\/?p=3950"},"modified":"2025-11-24T16:35:23","modified_gmt":"2025-11-24T15:35:23","slug":"nedjelja-bracnih-jubileja-5","status":"publish","type":"post","link":"https:\/\/svetaobitelj.hr\/?p=3950","title":{"rendered":"Nedjelja bra\u010dnih jubileja"},"content":{"rendered":"\n<figure class=\"wp-block-image size-large\"><img loading=\"lazy\" decoding=\"async\" width=\"1024\" height=\"768\" src=\"http:\/\/svetaobitelj.hr\/wp-content\/uploads\/2025\/11\/bracni-jubilej-1024x768.jpg\" alt=\"\" class=\"wp-image-3951\" srcset=\"https:\/\/svetaobitelj.hr\/wp-content\/uploads\/2025\/11\/bracni-jubilej-1024x768.jpg 1024w, https:\/\/svetaobitelj.hr\/wp-content\/uploads\/2025\/11\/bracni-jubilej-300x225.jpg 300w, https:\/\/svetaobitelj.hr\/wp-content\/uploads\/2025\/11\/bracni-jubilej-768x576.jpg 768w, https:\/\/svetaobitelj.hr\/wp-content\/uploads\/2025\/11\/bracni-jubilej-1536x1152.jpg 1536w, https:\/\/svetaobitelj.hr\/wp-content\/uploads\/2025\/11\/bracni-jubilej.jpg 1600w\" sizes=\"auto, (max-width: 1024px) 100vw, 1024px\" \/><\/figure>\n\n\n\n<p>Proslavili smo nedjelju bra\u010dnih jubileja u zahvalnosti Gospodinu za svjedo\u010danstvo bra\u010dnih parova u njihovim obljetnicama zajedni\u010dkog \u017eivota. Obitelji Gelemanovi\u0107, Janc, Budim\u010di\u0107 i Poje svoju zahvalnost posvjedo\u010dili su u zajedni\u0161tvu sa svojim obiteljima na svetoj misi.<\/p>\n\n\n\n<p><\/p>\n","protected":false},"excerpt":{"rendered":"<p>Proslavili smo nedjelju bra\u010dnih jubileja u zahvalnosti Gospodinu za svjedo\u010danstvo bra\u010dnih parova u njihovim obljetnicama zajedni\u010dkog \u017eivota. Obitelji Gelemanovi\u0107, Janc, Budim\u010di\u0107 i Poje svoju zahvalnost posvjedo\u010dili su u zajedni\u0161tvu sa svojim obiteljima na svetoj misi.<\/p>\n","protected":false},"author":3,"featured_media":0,"comment_status":"closed","ping_status":"open","sticky":false,"template":"","format":"standard","meta":{"footnotes":""},"categories":[3],"tags":[],"class_list":["entry","author-klik","post-3950","post","type-post","status-publish","format-standard","category-zupa"],"_links":{"self":[{"href":"https:\/\/svetaobitelj.hr\/index.php?rest_route=\/wp\/v2\/posts\/3950","targetHints":{"allow":["GET"]}}],"collection":[{"href":"https:\/\/svetaobitelj.hr\/index.php?rest_route=\/wp\/v2\/posts"}],"about":[{"href":"https:\/\/svetaobitelj.hr\/index.php?rest_route=\/wp\/v2\/types\/post"}],"author":[{"embeddable":true,"href":"https:\/\/svetaobitelj.hr\/index.php?rest_route=\/wp\/v2\/users\/3"}],"replies":[{"embeddable":true,"href":"https:\/\/svetaobitelj.hr\/index.php?rest_route=%2Fwp%2Fv2%2Fcomments&post=3950"}],"version-history":[{"count":1,"href":"https:\/\/svetaobitelj.hr\/index.php?rest_route=\/wp\/v2\/posts\/3950\/revisions"}],"predecessor-version":[{"id":3952,"href":"https:\/\/svetaobitelj.hr\/index.php?rest_route=\/wp\/v2\/posts\/3950\/revisions\/3952"}],"wp:attachment":[{"href":"https:\/\/svetaobitelj.hr\/index.php?rest_route=%2Fwp%2Fv2%2Fmedia&parent=3950"}],"wp:term":[{"taxonomy":"category","embeddable":true,"href":"https:\/\/svetaobitelj.hr\/index.php?rest_route=%2Fwp%2Fv2%2Fcategories&post=3950"},{"taxonomy":"post_tag","embeddable":true,"href":"https:\/\/svetaobitelj.hr\/index.php?rest_route=%2Fwp%2Fv2%2Ftags&post=3950"}],"curies":[{"name":"wp","href":"https:\/\/api.w.org\/{rel}","templated":true}]}}