{"id":3943,"date":"2025-11-21T19:02:03","date_gmt":"2025-11-21T18:02:03","guid":{"rendered":"http:\/\/svetaobitelj.hr\/?p=3943"},"modified":"2025-11-23T21:42:37","modified_gmt":"2025-11-23T20:42:37","slug":"zupne-obavijesti-nedjelja-krista-kralja-5","status":"publish","type":"post","link":"https:\/\/svetaobitelj.hr\/?p=3943","title":{"rendered":"\u017dupne obavijesti: Nedjelja Krista Kralja"},"content":{"rendered":"\n<p>Slavimo Nedjelju Krista Kralja ili trideset i \u010detvrtu nedjelju kroz godinu.<\/p>\n\n\n\n<p>U utorak je redoviti sastanak \u010dlanova \u017eupnih vije\u0107a u 19:30 sati.<\/p>\n\n\n\n<p>U subotu slavimo Sve svete Franjeva\u010dkog reda. Zavr\u0161ava liturgijska ili crkvena godina. U samostanskoj crkvi u Tvr\u0111i zapo\u010dinje Zavjetna devetnica Gospi Osje\u010dkoj kada hodo\u010dastimo kao \u017eupljani osje\u010dkih \u017eupa \u010cuvarici i Za\u0161titnici na\u0161ega grada Osijeka. Na\u0161a \u017eupa hodo\u010dasti u nedjelju, 30. studenoga; pobo\u017enost krunice bit \u0107e u 17:30, a sveta misa u 18:00 sati.<\/p>\n\n\n\n<p>Sljede\u0107e nedjelje slavimo prvu nedjelju do\u0161a\u0161\u0107a \u010dime zapo\u010dinje nova liturgijska ili crkvena godina. Pod svetom misom u 10:00 sati bit \u0107e predstavljanje ovogodi\u0161njih kandidata za prvu Ispovijed i Pri\u010dest kao i za svetu Potvrdu.<\/p>\n\n\n\n<p>Mise zornice imat \u0107emo od ponedjeljka, 1. prosinca, svakoga radnog dana u 6 sati. U vrijeme do\u0161a\u0161\u0107a ne\u0107e biti svetih misa u 7:30 sati.<\/p>\n\n\n\n<p>Vrijeme do\u0161a\u0161\u0107a je i vrijeme kada kao vjernici poma\u017eemo bra\u0107i i sestrama u potrebi. Tko \u017eeli mo\u017ee uzeti caritasove kutijice te stavljati svoj dar u njih tijekom do\u0161a\u0161\u0107a i donijeti ih u crkvu tre\u0107e nedjelje do\u0161a\u0161\u0107a kada i slavimo Nedjelju Caritasa. Prikupljanje prehrambenih proizvoda i higijenskih potrep\u0161tina za potrebite na\u0161e \u017dupe bit \u0107e izme\u0111u prve i tre\u0107e nedjelje do\u0161a\u0161\u0107a. Caritas na\u0161e Nadbiskupije nastavlja s projektom \u201eDje\u010dja ko\u0161arica\u201c kao i projektom \u201eBla\u017eenije je davati nego primati\u201c \u010dime svojim nov\u010danim prilozima te hranom, higijenskim i dje\u010djim potrep\u0161tinama poma\u017eemo djelovanju Caritasa. Svoje darove mo\u017eete donijeti u \u017eupni ured.<\/p>\n\n\n\n<p>Starije i bolesne koji ne mogu do\u0107i u crkvu ispovijedat \u0107u u ponedjeljak, 15. prosinca od 8:30 sati. Potrebno je prijaviti ih u \u017eupnom uredu.<\/p>\n\n\n\n<p>Zajedni\u010dka, tzv.<em> velika ispovijed<\/em>, bit \u0107e u na\u0161oj \u017eupnoj crkvi u srijedu, 17. prosinca, u 9:00 i u 15:00 sati kada \u0107e biti vi\u0161e sve\u0107enika na raspolaganju. Budu\u0107i da vi\u0161e nemamo \u017eupnog vikara u \u017eupi, molim vas da do\u0111ete u to vrijeme jer ne\u0107u mo\u0107i biti na raspolaganju nedjeljom za ispovijed radi svetih misa, a osobito nemojte \u010dekati zadnje trenutke.<\/p>\n\n\n\n<p>Zahvalni za va\u0161u pomo\u0107 kojom poma\u017eete obnovu na\u0161ih crkava i samostana nastradalih u potresima, preporu\u010damo se i nadalje va\u0161oj dobroti. Svoj nov\u010dani prilog mo\u017eete dati u posebno ozna\u010denu \u0161krabicu pri izlazu iz crkve ili u \u017eupni ured ili direktno uplatiti na ra\u010dun koji se nalazi na letku.<\/p>\n\n\n\n<p>Pozvani smo od hrvatskoga Caritasa da darujemo neiskori\u0161tene kovanice kuna i lipa jer na taj na\u010din poma\u017eemo potrebitima na podru\u010dju Republike Hrvatske. Kovanice mo\u017eete donijeti u \u017eupni ured do kraja studenoga. <\/p>\n\n\n\n<p>Molim sve vas koji jo\u0161 nemate \u017eupnu obiteljsku knji\u017eicu ili je potrebno upisati promjene u postoje\u0107e, da se javite u \u017eupni ured. Kupujte i \u010ditajte katoli\u010dki vjerski tisak. U \u017eupnom uredu i gornjoj sakristiji mo\u017eete kupiti kalendare za sljede\u0107u godinu.<\/p>\n\n\n\n<ol start=\"30\" class=\"wp-block-list\">\n<li><\/li>\n<\/ol>\n","protected":false},"excerpt":{"rendered":"<p>Slavimo Nedjelju Krista Kralja ili trideset i \u010detvrtu nedjelju kroz godinu. U utorak je redoviti sastanak \u010dlanova \u017eupnih vije\u0107a u 19:30 sati. U subotu slavimo Sve svete Franjeva\u010dkog reda. Zavr\u0161ava liturgijska ili crkvena godina. U samostanskoj crkvi u Tvr\u0111i zapo\u010dinje Zavjetna devetnica Gospi Osje\u010dkoj kada hodo\u010dastimo kao \u017eupljani osje\u010dkih \u017eupa \u010cuvarici i Za\u0161titnici na\u0161ega grada <a href=\"https:\/\/svetaobitelj.hr\/?p=3943\" class=\"more-link\">[&hellip;]<\/a><\/p>\n","protected":false},"author":3,"featured_media":0,"comment_status":"closed","ping_status":"open","sticky":false,"template":"","format":"standard","meta":{"footnotes":""},"categories":[3],"tags":[],"class_list":["entry","author-klik","post-3943","post","type-post","status-publish","format-standard","category-zupa"],"_links":{"self":[{"href":"https:\/\/svetaobitelj.hr\/index.php?rest_route=\/wp\/v2\/posts\/3943","targetHints":{"allow":["GET"]}}],"collection":[{"href":"https:\/\/svetaobitelj.hr\/index.php?rest_route=\/wp\/v2\/posts"}],"about":[{"href":"https:\/\/svetaobitelj.hr\/index.php?rest_route=\/wp\/v2\/types\/post"}],"author":[{"embeddable":true,"href":"https:\/\/svetaobitelj.hr\/index.php?rest_route=\/wp\/v2\/users\/3"}],"replies":[{"embeddable":true,"href":"https:\/\/svetaobitelj.hr\/index.php?rest_route=%2Fwp%2Fv2%2Fcomments&post=3943"}],"version-history":[{"count":5,"href":"https:\/\/svetaobitelj.hr\/index.php?rest_route=\/wp\/v2\/posts\/3943\/revisions"}],"predecessor-version":[{"id":3949,"href":"https:\/\/svetaobitelj.hr\/index.php?rest_route=\/wp\/v2\/posts\/3943\/revisions\/3949"}],"wp:attachment":[{"href":"https:\/\/svetaobitelj.hr\/index.php?rest_route=%2Fwp%2Fv2%2Fmedia&parent=3943"}],"wp:term":[{"taxonomy":"category","embeddable":true,"href":"https:\/\/svetaobitelj.hr\/index.php?rest_route=%2Fwp%2Fv2%2Fcategories&post=3943"},{"taxonomy":"post_tag","embeddable":true,"href":"https:\/\/svetaobitelj.hr\/index.php?rest_route=%2Fwp%2Fv2%2Ftags&post=3943"}],"curies":[{"name":"wp","href":"https:\/\/api.w.org\/{rel}","templated":true}]}}