{"id":3931,"date":"2025-10-31T15:19:33","date_gmt":"2025-10-31T14:19:33","guid":{"rendered":"http:\/\/svetaobitelj.hr\/?p=3931"},"modified":"2025-10-31T15:19:34","modified_gmt":"2025-10-31T14:19:34","slug":"zupne-obavijesti-spomen-svih-vjernih-pokojnika-dusni-dan","status":"publish","type":"post","link":"https:\/\/svetaobitelj.hr\/?p=3931","title":{"rendered":"\u017dupne obavijesti: Spomen svih vjernih pokojnika, Du\u0161ni dan"},"content":{"rendered":"\n<p>Slavimo Spomen svih vjernih pokojnika, Du\u0161ni dan. Ujedno je prva nedjelja u mjesecu kada se svojim molitvama i nov\u010danim prilozima sje\u0107amo na\u0161ih odgojnih ustanova i molimo za duhovna zvanja.<\/p>\n\n\n\n<p>Sutra slavimo Spomendan svih pokojnih \u010dlanova Franjeva\u010dkih redova.<\/p>\n\n\n\n<p>U utorak i srijedu \u017eupni ured \u0107e biti otvoren od 17:00 do 18:00 sati, a u \u010detvrtak prije podne od 8:30 do 10:00 sati.<\/p>\n\n\n\n<p>U \u010detvrtak je klanjanje pred Presvetim nakon ve\u010dernje svete mise.<\/p>\n\n\n\n<p>Sljede\u0107e nedjelje slavimo trideset i drugu nedjelju kroz godinu.<\/p>\n\n\n\n<p>U \u017eupama na\u0161e \u0110akova\u010dko-osje\u010dke nadbiskupije obilje\u017eit \u0107e se Nedjelja bra\u010dnih jubileja na trideset i tre\u0107u nedjelju kroz godinu, 16. studenoga ove godine. U na\u0161oj \u017eupnoj crkvi obilje\u017eit \u0107emo te nedjelje bra\u010dne jubileje pod svetom misom u 10:00 sati. Svi koji slavite 10, 20, 25, 30, 40, 50 godina braka ili vi\u0161e od toga, javite se tijekom tjedna u \u017eupni ured kako bi se zajedni\u010dki pripremili za slavlje u na\u0161oj \u017eupi.<\/p>\n\n\n\n<p>Susret hrvatske katoli\u010dke mlade\u017ei bit \u0107e u Po\u017eegi 2. i 3. svibnja 2026. godine pod geslom \u201eJa sam trs, vi loze\u201c (Iv 15,5). Na ovom susretu mogu sudjelovati mladi od 14 do 35 godina, a prijave sudionika traju do 15. o\u017eujka 2026. godine preko \u017eupa. Zainteresirani neka se jave u \u017eupni ured radi daljnjih uputa.<\/p>\n\n\n\n<p>Zahvalni za va\u0161u pomo\u0107 kojom poma\u017eete obnovu na\u0161ih crkava i samostana nastradalih u potresima, preporu\u010damo se i nadalje va\u0161oj dobroti. Svoj nov\u010dani prilog mo\u017eete dati u posebno ozna\u010denu \u0161krabicu pri izlazu iz crkve ili u \u017eupni ured ili direktno uplatiti na ra\u010dun koji se nalazi na letku.<\/p>\n\n\n\n<p>U tijeku je nacionalni projekt hrvatskoga Caritasa <em>Spasi kunu od propasti, daruj je za 1000 radosti<\/em>. Pozvani smo da darujemo neiskori\u0161tene kovanice kuna i lipa i na taj na\u010din pomognemo ovoj akciji za pomo\u0107 siroma\u0161nima na podru\u010dju Republike Hrvatske te da ne \u010dekamo posljednje dane ove godine za predaju. Kovanice mo\u017eete donijeti u \u017eupni ured kao i u po\u0161tanskim uredima koje \u0107emo proslijediti preko nadbiskupijskog Caritasa u nacionalni.<\/p>\n\n\n\n<p>Molim sve vas koji jo\u0161 nemate \u017eupnu obiteljsku knji\u017eicu ili je potrebno upisati promjene u postoje\u0107e, da se javite u \u017eupni ured u uredovno vrijeme.<\/p>\n\n\n\n<p>Kupujte i \u010ditajte katoli\u010dki vjerski tisak.<\/p>\n","protected":false},"excerpt":{"rendered":"<p>Slavimo Spomen svih vjernih pokojnika, Du\u0161ni dan. Ujedno je prva nedjelja u mjesecu kada se svojim molitvama i nov\u010danim prilozima sje\u0107amo na\u0161ih odgojnih ustanova i molimo za duhovna zvanja. Sutra slavimo Spomendan svih pokojnih \u010dlanova Franjeva\u010dkih redova. U utorak i srijedu \u017eupni ured \u0107e biti otvoren od 17:00 do 18:00 sati, a u \u010detvrtak prije <a href=\"https:\/\/svetaobitelj.hr\/?p=3931\" class=\"more-link\">[&hellip;]<\/a><\/p>\n","protected":false},"author":3,"featured_media":0,"comment_status":"closed","ping_status":"open","sticky":false,"template":"","format":"standard","meta":{"footnotes":""},"categories":[3],"tags":[],"class_list":["entry","author-klik","post-3931","post","type-post","status-publish","format-standard","category-zupa"],"_links":{"self":[{"href":"https:\/\/svetaobitelj.hr\/index.php?rest_route=\/wp\/v2\/posts\/3931","targetHints":{"allow":["GET"]}}],"collection":[{"href":"https:\/\/svetaobitelj.hr\/index.php?rest_route=\/wp\/v2\/posts"}],"about":[{"href":"https:\/\/svetaobitelj.hr\/index.php?rest_route=\/wp\/v2\/types\/post"}],"author":[{"embeddable":true,"href":"https:\/\/svetaobitelj.hr\/index.php?rest_route=\/wp\/v2\/users\/3"}],"replies":[{"embeddable":true,"href":"https:\/\/svetaobitelj.hr\/index.php?rest_route=%2Fwp%2Fv2%2Fcomments&post=3931"}],"version-history":[{"count":2,"href":"https:\/\/svetaobitelj.hr\/index.php?rest_route=\/wp\/v2\/posts\/3931\/revisions"}],"predecessor-version":[{"id":3933,"href":"https:\/\/svetaobitelj.hr\/index.php?rest_route=\/wp\/v2\/posts\/3931\/revisions\/3933"}],"wp:attachment":[{"href":"https:\/\/svetaobitelj.hr\/index.php?rest_route=%2Fwp%2Fv2%2Fmedia&parent=3931"}],"wp:term":[{"taxonomy":"category","embeddable":true,"href":"https:\/\/svetaobitelj.hr\/index.php?rest_route=%2Fwp%2Fv2%2Fcategories&post=3931"},{"taxonomy":"post_tag","embeddable":true,"href":"https:\/\/svetaobitelj.hr\/index.php?rest_route=%2Fwp%2Fv2%2Ftags&post=3931"}],"curies":[{"name":"wp","href":"https:\/\/api.w.org\/{rel}","templated":true}]}}