{"id":392,"date":"2018-06-03T19:16:16","date_gmt":"2018-06-03T18:16:16","guid":{"rendered":"http:\/\/svetaobitelj.hr\/?p=392"},"modified":"2020-01-29T21:59:01","modified_gmt":"2020-01-29T20:59:01","slug":"deseta-obljetnica-posvete-crkve","status":"publish","type":"post","link":"https:\/\/svetaobitelj.hr\/?p=392","title":{"rendered":"DESETA OBLJETNICA POSVETE CRKVE"},"content":{"rendered":"<p>U petak, 01. lipnja 2018. godine obilje\u017eili smo desetu obljetnicu posvete crkve. Svetu misu u 18,30 sati predvodio je na\u0161 gvardijan fra Ante Perkovi\u0107. Uz doma\u0107e franjevce u koncelebraciji je bio i fra Josip Anthony Ke\u0161ina. Osobitu radost u slavlju dao je dje\u010dji zbor pod vodstvom s. Renate.<\/p>\n<p>&nbsp;<\/p>\n<p><img loading=\"lazy\" decoding=\"async\" class=\"size-medium wp-image-393 aligncenter\" src=\"http:\/\/svetaobitelj.hr\/wp-content\/uploads\/2018\/06\/slika1-300x300.jpg\" alt=\"\" width=\"300\" height=\"300\" \/><\/p>\n","protected":false},"excerpt":{"rendered":"<p>U petak, 01. lipnja 2018. godine obilje\u017eili smo desetu obljetnicu posvete crkve. Svetu misu u 18,30 sati predvodio je na\u0161 gvardijan fra Ante Perkovi\u0107. Uz doma\u0107e franjevce u koncelebraciji je bio i fra Josip Anthony Ke\u0161ina. Osobitu radost u slavlju dao je dje\u010dji zbor pod vodstvom s. Renate. &nbsp;<\/p>\n","protected":false},"author":2,"featured_media":0,"comment_status":"closed","ping_status":"closed","sticky":false,"template":"","format":"standard","meta":{"footnotes":""},"categories":[3],"tags":[],"class_list":["entry","author-","post-392","post","type-post","status-publish","format-standard","category-zupa"],"_links":{"self":[{"href":"https:\/\/svetaobitelj.hr\/index.php?rest_route=\/wp\/v2\/posts\/392","targetHints":{"allow":["GET"]}}],"collection":[{"href":"https:\/\/svetaobitelj.hr\/index.php?rest_route=\/wp\/v2\/posts"}],"about":[{"href":"https:\/\/svetaobitelj.hr\/index.php?rest_route=\/wp\/v2\/types\/post"}],"author":[{"embeddable":true,"href":"https:\/\/svetaobitelj.hr\/index.php?rest_route=\/wp\/v2\/users\/2"}],"replies":[{"embeddable":true,"href":"https:\/\/svetaobitelj.hr\/index.php?rest_route=%2Fwp%2Fv2%2Fcomments&post=392"}],"version-history":[{"count":1,"href":"https:\/\/svetaobitelj.hr\/index.php?rest_route=\/wp\/v2\/posts\/392\/revisions"}],"predecessor-version":[{"id":394,"href":"https:\/\/svetaobitelj.hr\/index.php?rest_route=\/wp\/v2\/posts\/392\/revisions\/394"}],"wp:attachment":[{"href":"https:\/\/svetaobitelj.hr\/index.php?rest_route=%2Fwp%2Fv2%2Fmedia&parent=392"}],"wp:term":[{"taxonomy":"category","embeddable":true,"href":"https:\/\/svetaobitelj.hr\/index.php?rest_route=%2Fwp%2Fv2%2Fcategories&post=392"},{"taxonomy":"post_tag","embeddable":true,"href":"https:\/\/svetaobitelj.hr\/index.php?rest_route=%2Fwp%2Fv2%2Ftags&post=392"}],"curies":[{"name":"wp","href":"https:\/\/api.w.org\/{rel}","templated":true}]}}