{"id":3917,"date":"2025-10-25T08:39:45","date_gmt":"2025-10-25T07:39:45","guid":{"rendered":"http:\/\/svetaobitelj.hr\/?p=3917"},"modified":"2025-10-25T08:39:47","modified_gmt":"2025-10-25T07:39:47","slug":"misijski-tjedan-u-nasoj-zupi-2","status":"publish","type":"post","link":"https:\/\/svetaobitelj.hr\/?p=3917","title":{"rendered":"Misijski tjedan u na\u0161oj \u017eupi"},"content":{"rendered":"\n<figure class=\"wp-block-image size-large\"><img loading=\"lazy\" decoding=\"async\" width=\"1024\" height=\"1024\" src=\"http:\/\/svetaobitelj.hr\/wp-content\/uploads\/2025\/10\/slika1-2-1024x1024.jpg\" alt=\"\" class=\"wp-image-3918\" srcset=\"https:\/\/svetaobitelj.hr\/wp-content\/uploads\/2025\/10\/slika1-2-1024x1024.jpg 1024w, https:\/\/svetaobitelj.hr\/wp-content\/uploads\/2025\/10\/slika1-2-300x300.jpg 300w, https:\/\/svetaobitelj.hr\/wp-content\/uploads\/2025\/10\/slika1-2-150x150.jpg 150w, https:\/\/svetaobitelj.hr\/wp-content\/uploads\/2025\/10\/slika1-2-768x768.jpg 768w, https:\/\/svetaobitelj.hr\/wp-content\/uploads\/2025\/10\/slika1-2-1536x1536.jpg 1536w, https:\/\/svetaobitelj.hr\/wp-content\/uploads\/2025\/10\/slika1-2.jpg 2048w\" sizes=\"auto, (max-width: 1024px) 100vw, 1024px\" \/><\/figure>\n\n\n\n<p>I ove godine misijska skupina na\u0161e \u017eupe na simboli\u010dan na\u010din obilje\u017eila je mjesec u kojem se prisje\u0107amo svih misionara koji \u0161irom svijeta navje\u0161\u0107uju Bo\u017eju rije\u010d. Prostor oko oltara je ukra\u0161en predmetima pristiglim iz raznih misija diljem svijeta.<\/p>\n\n\n\n<p>Tjedan pred misijsku nedjelju, \u010dlanovi misijske skupine su na ve\u010dernjim svetim misama \u010ditali prigodna razmi\u0161ljanja \u2013 homilije na\u0161ih misionara. Ministranti su se tako\u0111er uklju\u010dili u aktivnosti misijskog tjedna tako \u0161to su molili misijsku krunicu.  Zahvaljujemo svima koji su se odazvali pomo\u0107i na\u0161im misionarima. Neka Gospodin blagoslovi i rado\u0161\u0107u ispuni svaki va\u0161 dan, a sveta Mala Terezija prati va\u0161e korake.<\/p>\n\n\n\n<figure class=\"wp-block-image size-large\"><img loading=\"lazy\" decoding=\"async\" width=\"1024\" height=\"1024\" src=\"http:\/\/svetaobitelj.hr\/wp-content\/uploads\/2025\/10\/slika2-1-1024x1024.jpg\" alt=\"\" class=\"wp-image-3919\" srcset=\"https:\/\/svetaobitelj.hr\/wp-content\/uploads\/2025\/10\/slika2-1-1024x1024.jpg 1024w, https:\/\/svetaobitelj.hr\/wp-content\/uploads\/2025\/10\/slika2-1-300x300.jpg 300w, https:\/\/svetaobitelj.hr\/wp-content\/uploads\/2025\/10\/slika2-1-150x150.jpg 150w, https:\/\/svetaobitelj.hr\/wp-content\/uploads\/2025\/10\/slika2-1-768x768.jpg 768w, https:\/\/svetaobitelj.hr\/wp-content\/uploads\/2025\/10\/slika2-1-1536x1536.jpg 1536w, https:\/\/svetaobitelj.hr\/wp-content\/uploads\/2025\/10\/slika2-1.jpg 2048w\" sizes=\"auto, (max-width: 1024px) 100vw, 1024px\" \/><\/figure>\n","protected":false},"excerpt":{"rendered":"<p>I ove godine misijska skupina na\u0161e \u017eupe na simboli\u010dan na\u010din obilje\u017eila je mjesec u kojem se prisje\u0107amo svih misionara koji \u0161irom svijeta navje\u0161\u0107uju Bo\u017eju rije\u010d. Prostor oko oltara je ukra\u0161en predmetima pristiglim iz raznih misija diljem svijeta. Tjedan pred misijsku nedjelju, \u010dlanovi misijske skupine su na ve\u010dernjim svetim misama \u010ditali prigodna razmi\u0161ljanja \u2013 homilije na\u0161ih <a href=\"https:\/\/svetaobitelj.hr\/?p=3917\" class=\"more-link\">[&hellip;]<\/a><\/p>\n","protected":false},"author":3,"featured_media":0,"comment_status":"closed","ping_status":"open","sticky":false,"template":"","format":"standard","meta":{"footnotes":""},"categories":[3],"tags":[],"class_list":["entry","author-klik","post-3917","post","type-post","status-publish","format-standard","category-zupa"],"_links":{"self":[{"href":"https:\/\/svetaobitelj.hr\/index.php?rest_route=\/wp\/v2\/posts\/3917","targetHints":{"allow":["GET"]}}],"collection":[{"href":"https:\/\/svetaobitelj.hr\/index.php?rest_route=\/wp\/v2\/posts"}],"about":[{"href":"https:\/\/svetaobitelj.hr\/index.php?rest_route=\/wp\/v2\/types\/post"}],"author":[{"embeddable":true,"href":"https:\/\/svetaobitelj.hr\/index.php?rest_route=\/wp\/v2\/users\/3"}],"replies":[{"embeddable":true,"href":"https:\/\/svetaobitelj.hr\/index.php?rest_route=%2Fwp%2Fv2%2Fcomments&post=3917"}],"version-history":[{"count":1,"href":"https:\/\/svetaobitelj.hr\/index.php?rest_route=\/wp\/v2\/posts\/3917\/revisions"}],"predecessor-version":[{"id":3920,"href":"https:\/\/svetaobitelj.hr\/index.php?rest_route=\/wp\/v2\/posts\/3917\/revisions\/3920"}],"wp:attachment":[{"href":"https:\/\/svetaobitelj.hr\/index.php?rest_route=%2Fwp%2Fv2%2Fmedia&parent=3917"}],"wp:term":[{"taxonomy":"category","embeddable":true,"href":"https:\/\/svetaobitelj.hr\/index.php?rest_route=%2Fwp%2Fv2%2Fcategories&post=3917"},{"taxonomy":"post_tag","embeddable":true,"href":"https:\/\/svetaobitelj.hr\/index.php?rest_route=%2Fwp%2Fv2%2Ftags&post=3917"}],"curies":[{"name":"wp","href":"https:\/\/api.w.org\/{rel}","templated":true}]}}